{"id":945,"date":"2008-10-20T15:33:19","date_gmt":"2008-10-20T13:33:19","guid":{"rendered":"http:\/\/www.cercoiltuovolto.it\/\/?p=945"},"modified":"2026-07-01T18:38:33","modified_gmt":"2026-07-01T18:38:33","slug":"domenica-19-ottobre-2008-omelia-del-s-padre-a-pompei","status":"publish","type":"post","link":"https:\/\/archivio.cercoiltuovolto.it\/?p=945","title":{"rendered":"Domenica 19 Ottobre 2008 &#8211; Omelia del S. Padre a Pompei"},"content":{"rendered":"<p><strong>VISITA PASTORALE AL PONTIFICIO SANTUARIO DI POMPEI <\/strong><\/p>\n<p>OMELIA DEL SANTO PADRE BENEDETTO XVI Piazza del Pontificio Santuario di Pompei &#8211; Domenica, 19 ottobre 2008 &#8211; <span style=\"color: #800000;\"><strong>Ascolta la registrazione<\/strong><\/span>.<\/p>\n<p style=\"text-align: center;\"><span style=\"color: #663300;\"> <a href=\"http:\/\/www.vatican.va\/holy_father\/benedict_xvi\/travels\/2008\/index_pompei_it.htm\"> VISITA PASTORALE<br \/>\nAL PONTIFICIO SANTUARIO DI POMPEI<\/a><\/span> <span style=\"font-size: medium;\"> <\/span><\/p>\n<p style=\"text-align: center;\"><strong><em><span style=\"font-size: medium; color: #663300;\">OMELIA DEL SANTO PADRE BENEDETTO XVI<\/span><\/em><\/strong><\/p>\n<p style=\"text-align: center;\"><em><span style=\"color: #663300;\">Piazza del Pontificio Santuario di Pompei<br \/>\nDomenica, 19 ottobre 200<\/span><\/em><span style=\"color: #663300;\"><em>8<\/em><\/span><\/p>\n<p style=\"text-align: center;\">\n<p style=\"text-align: justify;\">\n<p style=\"text-align: justify;\">[podcast]http:\/\/media01.vatiradio.va\/podcast\/00134609.MP3[\/podcast]<\/p>\n<p style=\"text-align: justify;\"><em>Cari fratelli e sorelle!<\/em><\/p>\n<p style=\"text-align: justify;\">Seguendo le  <a href=\"http:\/\/www.vatican.va\/holy_father\/john_paul_ii\/travels\/sub_index2003\/trav_pompei-2003_it.htm\">orme del Servo di Dio Giovanni Paolo II<\/a>, sono venuto in  pellegrinaggio quest\u2019oggi a Pompei per venerare, insieme a voi, la Vergine Maria,  Regina del Santo Rosario. Sono venuto, in particolare, per affidare alla Madre  di Dio, nel cui grembo il Verbo si \u00e8 fatto carne, l\u2019Assemblea del  <a href=\"http:\/\/www.vatican.va\/roman_curia\/synod\/index_it.htm\">Sinodo dei  Vescovi<\/a> in corso in Vaticano sul tema della Parola di Dio nella vita e nella  missione della Chiesa. La mia visita coincide anche con la  <a href=\"http:\/\/www.vatican.va\/holy_father\/benedict_xvi\/messages\/missions\/documents\/hf_ben-xvi_mes_20080511_world-mission-day-2008_it.html\">Giornata Missionaria  Mondiale<\/a>: contemplando in Maria Colei che ha accolto in s\u00e9 il Verbo di Dio e lo  ha donato al mondo, pregheremo in questa Messa per quanti nella Chiesa spendono  le loro energie a servizio dell\u2019annuncio del Vangelo a tutte le nazioni. Grazie,  cari fratelli e sorelle, per la vostra accoglienza! Vi abbraccio tutti con  affetto paterno, e vi sono riconoscente per le preghiere che da qui fate salire  incessantemente al Cielo per il Successore di Pietro e per le necessit\u00e0 della  Chiesa universale.<\/p>\n<p style=\"text-align: justify;\">Un cordiale saluto rivolgo, in primo luogo, all\u2019Arcivescovo Carlo Liberati,  Prelato di Pompei e Delegato Pontificio per il Santuario, e lo ringrazio per le  parole con cui si \u00e8 fatto interprete dei vostri sentimenti. Il mio saluto si  estende alle Autorit\u00e0 civili e militari presenti, in modo speciale al  Rappresentante del Governo, il Ministro per i Beni Culturali, ed al Sindaco di  Pompei, il quale al mio arrivo ha voluto indirizzarmi espressioni di deferente  benvenuto a nome dell\u2019intera cittadinanza. Saluto i sacerdoti della Prelatura, i  religiosi e le religiose che offrono il loro quotidiano servizio in Santuario,  tra i quali mi piace menzionare le Suore Domenicane Figlie del Santo Rosario di  Pompei e i Fratelli delle Scuole Cristiane; saluto i volontari impegnati in  diversi servizi e gli zelanti apostoli della Madonna del Rosario di Pompei. E  come dimenticare, in questo momento, le persone che soffrono, gli ammalati, gli  anziani soli, i giovani in difficolt\u00e0, i carcerati, quanti versano in pesanti  condizioni di povert\u00e0 e di disagio sociale ed economico? A tutti e a ciascuno  vorrei assicurare la mia vicinanza spirituale e far giungere la testimonianza  del mio affetto. Ognuno di voi, cari fedeli e abitanti di questa terra, ed anche  voi che siete spiritualmente uniti a questa celebrazione attraverso la radio e  la televisione, tutti vi affido a Maria e vi invito a confidare sempre nel suo  materno sostegno.<\/p>\n<p style=\"text-align: justify;\">Lasciamo ora che sia Lei, la nostra Madre e Maestra, a guidarci nella  riflessione sulla Parola di Dio che abbiamo ascoltato. La prima Lettura e il  Salmo responsoriale esprimono la gioia del popolo d\u2019Israele per la salvezza  donata da Dio, salvezza che \u00e8 liberazione dal male e speranza di vita nuova.  L\u2019oracolo di Sofonia si indirizza ad Israele che viene designato con gli  appellativi di \u201cfiglia di Sion\u201d e \u201cfiglia di Gerusalemme\u201d e viene invitato alla  gioia: \u201cRall\u00e9grati\u2026 grida di gioia\u2026 esulta!\u201d (<em>Sof<\/em> 3,14). E\u2019 il medesimo  appello che l\u2019angelo Gabriele rivolge a Maria, a Nazaret: \u201cRallegrati, piena di  grazia\u201d (<em>Lc<\/em> 1,28). \u201cNon temere, Sion\u201d (<em>Sof<\/em> 3,16), dice il Profeta;  \u201cNon temere, Maria\u201d (<em>Lc<\/em> 1,30), dice l\u2019Angelo. E il motivo della fiducia \u00e8  lo stesso: \u201cIl Signore, tuo Dio, in mezzo a te \/ \u00e8 un salvatore potente\u201d (<em>Sof<\/em> 3,17), dice il Profeta; \u201cil Signore \u00e8 con te\u201d (<em>Lc<\/em> 1,28), assicura  l\u2019Angelo alla Vergine. Anche il cantico di Isaia si conclude cos\u00ec: \u201cCanta ed  esulta, tu che abiti in Sion, \/ perch\u00e9 grande in mezzo a te \u00e8 il Santo  d\u2019Israele\u201d (<em>Is<\/em> 12,6). La presenza del Signore \u00e8 fonte di gioia, perch\u00e9,  dove c\u2019\u00e8 Lui, il male \u00e8 vinto e trionfano la vita e la pace. Vorrei  sottolineare, in particolare, la stupenda espressione di Sofonia, che  rivolgendosi a Gerusalemme dice: il Signore \u201cti rinnover\u00e0 con il suo amore\u201d  (3,17). S\u00ec, l\u2019amore di Dio ha questo potere: di rinnovare ogni cosa, a partire  dal cuore umano, che \u00e8 il suo capolavoro e dove lo Spirito Santo opera al meglio  la sua azione trasformatrice. Con la sua grazia, Dio rinnova il cuore dell\u2019uomo  perdonando il suo peccato, lo riconcilia ed infonde in lui lo slancio per il  bene. Tutto questo si manifesta nella vita dei santi, e lo vediamo qui  particolarmente nell\u2019opera apostolica del beato Bartolo Longo, fondatore della  nuova Pompei. E cos\u00ec apriamo in quest\u2019ora anche il nostro cuore a questo amore  rinnovatore dell\u2019uomo e di tutte le cose.<\/p>\n<p style=\"text-align: justify;\">Sin dai suoi inizi, la comunit\u00e0 cristiana ha visto nella  personificazione di Israele e di Gerusalemme in una figura femminile un  significativo e profetico accostamento con la Vergine Maria, la quale viene  riconosciuta proprio quale \u201cfiglia di Sion\u201d e archetipo del popolo che \u201cha  trovato grazia\u201d agli occhi del Signore. E\u2019 una interpretazione che ritroviamo  nel racconto evangelico delle nozze di Cana (<em>Gv<\/em> 2,1-11). L\u2019evangelista  Giovanni mette in luce simbolicamente che Ges\u00f9 \u00e8 lo sposo d\u2019Israele, del nuovo  Israele che siamo noi tutti nella fede, lo sposo venuto a portare la grazia  della nuova Alleanza, rappresentata dal \u201cvino buono\u201d. Al tempo stesso, il  Vangelo d\u00e0 risalto anche al ruolo di Maria, che viene detta all\u2019inizio \u201cla madre  di Ges\u00f9\u201d, ma che poi il Figlio stesso chiama \u201cdonna\u201d \u2013 e questo ha un  significato molto profondo: implica infatti che Ges\u00f9, a nostra meraviglia,  antepone alla parentela il legame spirituale, secondo il quale Maria impersona  appunto la sposa amata del Signore, cio\u00e8 il popolo che lui si \u00e8 scelto per  irradiare la sua benedizione su tutta la famiglia umana. Il simbolo del vino,  unito a quello del banchetto, ripropone il tema della gioia e della festa.  Inoltre il vino, come le altre immagini bibliche della vigna e della vite,  allude metaforicamente all\u2019amore: Dio \u00e8 il vignaiolo, Israele \u00e8 la vigna, una  vigna che trover\u00e0 la sua realizzazione perfetta in Cristo, del quale noi siamo i  tralci; e il vino \u00e8 il frutto, cio\u00e8 l\u2019amore, perch\u00e9 proprio l\u2019amore \u00e8 ci\u00f2 che  Dio si attende dai suoi figli. E preghiamo il Signore, che ha dato a Bartolo  Longo la grazia di portare l\u2019amore in questa terra, affinch\u00e9 anche la nostra  vita e il nostro cuore portino questo frutto dell\u2019amore e rinnovino cos\u00ec la  terra.<\/p>\n<p style=\"text-align: justify;\">All\u2019amore esorta anche l\u2019apostolo Paolo nella seconda Lettura, tratta dalla <em> Lettera ai Romani<\/em>. Troviamo delineato in questa pagina il programma di vita  di una comunit\u00e0 cristiana, i cui membri sono stati rinnovati dall\u2019amore e si  sforzano di rinnovarsi continuamente, per discernere sempre la volont\u00e0 di Dio e  non ricadere nel conformismo della mentalit\u00e0 mondana (cfr 12,1-2). La nuova  Pompei, pur con i limiti di ogni realt\u00e0 umana, \u00e8 un esempio di questa nuova  civilt\u00e0, sorta e sviluppatasi sotto lo sguardo materno di Maria. E la  caratteristica della civilt\u00e0 cristiana \u00e8 proprio la carit\u00e0: l\u2019amore di Dio che  si traduce in amore del prossimo. Ora, quando san Paolo scrive ai cristiani di  Roma: \u201cNon siate pigri nello zelo, siate invece ferventi nello spirito, servite  il Signore\u201d (12,11), il pensiero nostro va a Bartolo Longo e alle tante  iniziative di carit\u00e0 da lui attivate per i fratelli pi\u00f9 bisognosi. Spinto  dall\u2019amore, egli fu in grado di progettare una citt\u00e0 nuova, che poi sorse  attorno al Santuario mariano, quasi come irradiazione della sua luce di fede e  di speranza. Una cittadella di Maria e della carit\u00e0, non per\u00f2 isolata dal mondo,  non, come si suol dire, una \u201ccattedrale nel deserto\u201d, ma inserita nel territorio  di questa Valle per riscattarlo e promuoverlo. La storia della Chiesa, grazie a  Dio, \u00e8 ricca di esperienze di questo tipo, e anche oggi se ne contano parecchie  in ogni parte della terra. Sono esperienze di fraternit\u00e0, che mostrano il volto  di una societ\u00e0 diversa, posta come fermento all\u2019interno del contesto civile. La  forza della carit\u00e0 \u00e8 irresistibile: \u00e8 l\u2019amore che veramente manda avanti il  mondo!<\/p>\n<p style=\"text-align: justify;\">Chi avrebbe potuto pensare che qui, accanto ai resti dell\u2019antica Pompei, sarebbe  sorto un Santuario mariano di portata mondiale? E tante opere sociali volte a  tradurre il Vangelo in servizio concreto alle persone pi\u00f9 in difficolt\u00e0? Dove  arriva Dio, il deserto fiorisce! Anche il beato Bartolo Longo, con la sua  personale conversione, diede testimonianza di questa forza spirituale che  trasforma l\u2019uomo interiormente e lo rende capace di operare grandi cose secondo  il disegno di Dio. La vicenda della sua crisi spirituale e della sua conversione  appare oggi di grandissima attualit\u00e0. Egli infatti, nel periodo degli studi  universitari a Napoli, influenzato da filosofi immanentisti e positivisti, si  era allontanato dalla fede cristiana diventando un militante anticlericale e  dandosi anche a pratiche spiritistiche e superstiziose. La sua conversione, con  la scoperta del vero volto di Dio, contiene un messaggio molto eloquente per  noi, perch\u00e9 purtroppo simili tendenze non mancano nei nostri giorni. In questo  Anno Paolino mi piace sottolineare che anche Bartolo Longo, come san Paolo, fu  trasformato da persecutore in apostolo: apostolo della fede cristiana, del culto  mariano e, in particolare, del Rosario, in cui egli trov\u00f2 una sintesi di tutto  il Vangelo.<\/p>\n<p style=\"text-align: justify;\">Questa citt\u00e0, da lui rifondata, \u00e8 dunque una dimostrazione storica di come  Dio trasforma il mondo: ricolmando di carit\u00e0 il cuore di un uomo e facendone un  \u201cmotore\u201d di rinnovamento religioso e sociale. Pompei \u00e8 un esempio di come la  fede pu\u00f2 operare nella citt\u00e0 dell\u2019uomo, suscitando apostoli di carit\u00e0 che si  pongono al servizio dei piccoli e dei poveri, ed agiscono perch\u00e9 anche gli  ultimi siano rispettati nella loro dignit\u00e0 e trovino accoglienza e promozione.  Qui a Pompei si capisce che l\u2019amore per Dio e l\u2019amore per il prossimo sono  inseparabili. Qui il genuino popolo cristiano, la gente che affronta la vita con  sacrificio ogni giorno, trova la forza di perseverare nel bene senza scendere a  compromessi. Qui, ai piedi di Maria, le famiglie ritrovano o rafforzano la gioia  dell\u2019amore che le mantiene unite. Opportunamente, quindi, in preparazione  dell\u2019odierna mia visita, uno speciale \u201cpellegrinaggio delle famiglie per la  famiglia\u201d si \u00e8 compiuto esattamente un mese fa, per affidare alla Madonna questa  fondamentale cellula della societ\u00e0. Vegli la Vergine Santa su ogni famiglia e  sull\u2019intero popolo italiano!<\/p>\n<p style=\"text-align: justify;\">Questo Santuario e questa citt\u00e0 continuino soprattutto ad essere sempre legati a  un dono singolare di Maria: la preghiera del Rosario. Quando, nel celebre  dipinto della Madonna di Pompei, vediamo la Vergine Madre e Ges\u00f9 Bambino che  consegnano le corone rispettivamente a santa Caterina da Siena e a san Domenico,  comprendiamo subito che questa preghiera ci conduce, attraverso Maria, a Ges\u00f9,  come ci ha insegnato anche il caro Papa Giovanni Paolo II nella Lettera <em> <a href=\"http:\/\/www.vatican.va\/holy_father\/john_paul_ii\/apost_letters\/documents\/hf_jp-ii_apl_20021016_rosarium-virginis-mariae_it.html\">Rosarium Virginis Mariae<\/a><\/em>, in cui fa riferimento esplicito al beato Bartolo  Longo ed al carisma di Pompei. Il Rosario \u00e8 preghiera contemplativa accessibile  a tutti: grandi e piccoli, laici e chierici, colti e poco istruiti. E\u2019 vincolo  spirituale con Maria per rimanere uniti a Ges\u00f9, per conformarsi a Lui,  assimilarne i sentimenti e comportarsi come Lui si \u00e8 comportato. Il Rosario \u00e8  \u201carma\u201d spirituale nella lotta contro il male, contro ogni violenza, per la pace  nei cuori, nelle famiglie, nella societ\u00e0 e nel mondo.<\/p>\n<p style=\"text-align: justify;\">Cari fratelli e sorelle, in questa Eucaristia, fonte inesauribile di vita e di  speranza, di rinnovamento personale e sociale, ringraziamo Dio perch\u00e9 in Bartolo  Longo ci ha dato un luminoso testimone di questa verit\u00e0 evangelica. E volgiamo  ancora una volta il nostro cuore a Maria con le parole della Supplica, che tra  poco insieme reciteremo: \u201cTu, Madre nostra, sei la nostra Avvocata, la nostra  speranza, abbi piet\u00e0 di noi \u2026 Misericordia per tutti, o Madre di misericordia!\u201d.  Amen.<\/p>\n<p class=\"tips\" style=\"text-align: left;\">\u00a9 Copyright 2008 &#8211; Libreria Editrice Vaticana &#8211; <a href=\"http:\/\/www.vatican.va\/holy_father\/benedict_xvi\/angelus\/2008\/index_it.htm\" target=\"_blank\">Testo completo con le altre lingue <\/a><\/p>\n<p class=\"error\" style=\"text-align: justify;\"><em>The content of this podcast is made available only for personal and private use and cannot be exploited for commercial purposes, without prior written authorization by Vatican Radio. For further information, please contact the International Relation Office at relint [chiocciola] vatiradio.va<\/em><\/p>\n<p class=\"message\"><em>I file audio presenti in questo articolo sono linkati direttamente al server di Radio Vaticana e non sono in alcun modo manipolati o modificati, per scaricarli sul proprio computer \u00e8 necessario disporre di un programma di lettura Rss e seguire il link sottostante.<\/em><\/p>\n<p class=\"download\" style=\"text-align: justify;\"><a href=\"http:\/\/www.radiovaticana.org\/rss\/rss.xml\" target=\"_blank\">Link al feed Rss di Radio Vaticana per l&#8217;Angelus e le Udienze Generali<\/a><\/p>\n","protected":false},"excerpt":{"rendered":"<p>VISITA PASTORALE AL PONTIFICIO SANTUARIO DI POMPEI OMELIA DEL SANTO PADRE BENEDETTO XVI Piazza del Pontificio Santuario di Pompei &#8211; Domenica, 19 ottobre 2008 &#8211; Ascolta la registrazione. VISITA PASTORALE AL PONTIFICIO SANTUARIO DI POMPEI OMELIA DEL SANTO PADRE BENEDETTO XVI Piazza del Pontificio Santuario di Pompei Domenica, 19 ottobre 2008 [podcast]http:\/\/media01.vatiradio.va\/podcast\/00134609.MP3[\/podcast] Cari fratelli e&#8230;<\/p>\n","protected":false},"author":3,"featured_media":0,"comment_status":"closed","ping_status":"closed","sticky":false,"template":"","format":"standard","meta":{"_kad_post_transparent":"","_kad_post_title":"","_kad_post_layout":"","_kad_post_sidebar_id":"","_kad_post_content_style":"","_kad_post_vertical_padding":"","_kad_post_feature":"","_kad_post_feature_position":"","_kad_post_header":false,"_kad_post_footer":false,"_kad_post_classname":"","footnotes":""},"categories":[11,4],"tags":[29,30],"class_list":["post-945","post","type-post","status-publish","format-standard","hentry","category-11","category-audio-cattolici","tag-omelie","tag-papa"],"_links":{"self":[{"href":"https:\/\/archivio.cercoiltuovolto.it\/index.php?rest_route=\/wp\/v2\/posts\/945","targetHints":{"allow":["GET"]}}],"collection":[{"href":"https:\/\/archivio.cercoiltuovolto.it\/index.php?rest_route=\/wp\/v2\/posts"}],"about":[{"href":"https:\/\/archivio.cercoiltuovolto.it\/index.php?rest_route=\/wp\/v2\/types\/post"}],"author":[{"embeddable":true,"href":"https:\/\/archivio.cercoiltuovolto.it\/index.php?rest_route=\/wp\/v2\/users\/3"}],"replies":[{"embeddable":true,"href":"https:\/\/archivio.cercoiltuovolto.it\/index.php?rest_route=%2Fwp%2Fv2%2Fcomments&post=945"}],"version-history":[{"count":0,"href":"https:\/\/archivio.cercoiltuovolto.it\/index.php?rest_route=\/wp\/v2\/posts\/945\/revisions"}],"wp:attachment":[{"href":"https:\/\/archivio.cercoiltuovolto.it\/index.php?rest_route=%2Fwp%2Fv2%2Fmedia&parent=945"}],"wp:term":[{"taxonomy":"category","embeddable":true,"href":"https:\/\/archivio.cercoiltuovolto.it\/index.php?rest_route=%2Fwp%2Fv2%2Fcategories&post=945"},{"taxonomy":"post_tag","embeddable":true,"href":"https:\/\/archivio.cercoiltuovolto.it\/index.php?rest_route=%2Fwp%2Fv2%2Ftags&post=945"}],"curies":[{"name":"wp","href":"https:\/\/api.w.org\/{rel}","templated":true}]}}