{"id":837,"date":"2008-10-02T00:00:00","date_gmt":"2008-10-01T23:00:00","guid":{"rendered":"http:\/\/868273932"},"modified":"2026-07-01T18:38:33","modified_gmt":"2026-07-01T18:38:33","slug":"ventisettesima-domenica-del-tempo-ordinario-videovangelo-del-05-ottobre-2008","status":"publish","type":"post","link":"https:\/\/archivio.cercoiltuovolto.it\/?p=837","title":{"rendered":"Ventisettesima Domenica del Tempo Ordinario &#8211; Videovangelo del 05 Ottobre 2008"},"content":{"rendered":"<p><strong>Guarda il video della lettura del vangelo<\/strong> della settimana<br \/>\n        e le riflessioni affidate a diversi commentatori.<br \/><strong>Video Vangelo<\/strong> del 05 ottobre 2008 &#8211; <strong>XXVII DOMENICA   DEL TEMPO ORDINARIO      (ANNO A)<\/strong><br \/><strong>Commento <\/strong>di mons Giacomo Canobbio &#8211; <strong>Lettrice<\/strong> Elena Gianni<br \/>\n<br \/><!--more-->\n<\/p>\n<div style=\"text-align: center\"><\/div>\n<p style=\"text-align: center;\"> {moseasymedia media=http:\/\/www.centroaudiovisivi.it\/video\/lbn081005\/081005_vangelo.flv}<\/p>\n<p style=\"text-align: left;\"> Oppure apri il video in una<br \/>\n{mgmediabot2}path=http:\/\/www.centroaudiovisivi.it\/video\/lbn081005\/081005_vangelo.flv|popup= popup|width=400|height=400{\/mgmediabot2}<\/p>\n<p style=\"text-align: left;\"><strong>Video Vangelo<\/strong> del 05 ottobre 2008 &#8211; <strong>XXVII DOMENICA   DEL TEMPO ORDINARIO      (ANNO A)<\/strong><br \/><strong>Commento <\/strong>di mons Giacomo Canobbio &#8211; <strong>Lettrice<\/strong> Elena Gianni<\/p>\n<p style=\"text-align: left;\">\n<p><strong>Vangelo <\/strong>Mt 21,33-43<br \/> <em>Dar\u00e0 in affitto la vigna ad   altri contadini. <\/em><i><br \/> <\/i><br \/> <b>Dal Vangelo secondo Matteo <\/b><\/p>\n<p style=\"text-align: justify;\">In quel tempo, Ges\u00f9 disse ai capi dei sacerdoti e agli anziani del popolo: <br \/> \u00abAscoltate un&#8217;altra parabola: c&#8217;era un uomo, che possedeva un terreno e<br \/>\nvi piant\u00f2 una vigna. La circond\u00f2 con una siepe, vi scav\u00f2 una buca per<br \/>\nil torchio e costru\u00ec una torre. La diede in affitto a dei contadini e<br \/>\nse ne and\u00f2 lontano. <br \/> Quando arriv\u00f2 il tempo di raccogliere i frutti, mand\u00f2 i suoi servi dai<br \/>\ncontadini a ritirare il raccolto. Ma i contadini presero i servi e uno<br \/>\nlo bastonarono, un altro lo uccisero, un altro lo lapidarono. Mand\u00f2 di<br \/>\nnuovo altri servi, pi\u00f9 numerosi dei primi, ma li trattarono allo stesso<br \/>\nmodo. <br \/> Da ultimo mand\u00f2 loro il proprio figlio dicendo: &#8220;Avranno rispetto per<br \/>\nmio figlio!&#8221;. Ma i contadini, visto il figlio, dissero tra loro:<br \/>\n&#8220;Costui \u00e8 l&#8217;erede. Su, uccidiamolo e avremo noi la sua eredit\u00e0!&#8221;. Lo<br \/>\npresero, lo cacciarono fuori dalla vigna e lo uccisero. <br \/> Quando verr\u00e0 dunque il padrone della vigna, che cosa far\u00e0 a quei   contadini?\u00bb. <br \/> Gli risposero: \u00abQuei malvagi, li far\u00e0 morire miseramente e dar\u00e0 in<br \/>\naffitto la vigna ad altri contadini, che gli consegneranno i frutti a<br \/>\nsuo tempo\u00bb. <br \/> E Ges\u00f9 disse loro: \u00abNon avete mai letto nelle Scritture:<br \/> &#8220;La   pietra che i costruttori hanno scartato<br \/> \u00e8 diventata la pietra   d&#8217;angolo;<br \/> questo \u00e8 stato fatto dal Signore<br \/> ed \u00e8 una meraviglia ai nostri   occhi&#8221;?<br \/> Perci\u00f2 io vi dico: a voi sar\u00e0 tolto il regno di Dio e sar\u00e0 dato a un   popolo che ne produca i frutti\u00bb.<\/p>\n<\/p>\n<p class=\"stickynote\"><strong>Fonte del video<\/strong>: Centro Audiovisivi &#8211; La Buona Notizia<br \/><strong>Tutta la celebrazione<\/strong> nella\u00a0Liturgia del giorno  CEI<\/p>\n","protected":false},"excerpt":{"rendered":"<p>Guarda il video della lettura del vangelo della settimana e le riflessioni affidate a diversi commentatori.Video Vangelo del 05 ottobre 2008 &#8211; XXVII DOMENICA DEL TEMPO ORDINARIO (ANNO A)Commento di mons Giacomo Canobbio &#8211; Lettrice Elena Gianni<\/p>\n","protected":false},"author":3,"featured_media":0,"comment_status":"open","ping_status":"closed","sticky":false,"template":"","format":"standard","meta":{"_kad_post_transparent":"","_kad_post_title":"","_kad_post_layout":"","_kad_post_sidebar_id":"","_kad_post_content_style":"","_kad_post_vertical_padding":"","_kad_post_feature":"","_kad_post_feature_position":"","_kad_post_header":false,"_kad_post_footer":false,"_kad_post_classname":"","footnotes":""},"categories":[11,6],"tags":[],"class_list":["post-837","post","type-post","status-publish","format-standard","hentry","category-11","category-video"],"_links":{"self":[{"href":"https:\/\/archivio.cercoiltuovolto.it\/index.php?rest_route=\/wp\/v2\/posts\/837","targetHints":{"allow":["GET"]}}],"collection":[{"href":"https:\/\/archivio.cercoiltuovolto.it\/index.php?rest_route=\/wp\/v2\/posts"}],"about":[{"href":"https:\/\/archivio.cercoiltuovolto.it\/index.php?rest_route=\/wp\/v2\/types\/post"}],"author":[{"embeddable":true,"href":"https:\/\/archivio.cercoiltuovolto.it\/index.php?rest_route=\/wp\/v2\/users\/3"}],"replies":[{"embeddable":true,"href":"https:\/\/archivio.cercoiltuovolto.it\/index.php?rest_route=%2Fwp%2Fv2%2Fcomments&post=837"}],"version-history":[{"count":0,"href":"https:\/\/archivio.cercoiltuovolto.it\/index.php?rest_route=\/wp\/v2\/posts\/837\/revisions"}],"wp:attachment":[{"href":"https:\/\/archivio.cercoiltuovolto.it\/index.php?rest_route=%2Fwp%2Fv2%2Fmedia&parent=837"}],"wp:term":[{"taxonomy":"category","embeddable":true,"href":"https:\/\/archivio.cercoiltuovolto.it\/index.php?rest_route=%2Fwp%2Fv2%2Fcategories&post=837"},{"taxonomy":"post_tag","embeddable":true,"href":"https:\/\/archivio.cercoiltuovolto.it\/index.php?rest_route=%2Fwp%2Fv2%2Ftags&post=837"}],"curies":[{"name":"wp","href":"https:\/\/api.w.org\/{rel}","templated":true}]}}