{"id":827,"date":"2008-09-30T00:00:00","date_gmt":"2008-09-29T23:00:00","guid":{"rendered":"http:\/\/817689076"},"modified":"2026-07-01T18:39:02","modified_gmt":"2026-07-01T18:39:02","slug":"fr-cantalamessa-28092008-xxvi-domenica-del-to","status":"publish","type":"post","link":"https:\/\/archivio.cercoiltuovolto.it\/?p=827","title":{"rendered":"Fr. Cantalamessa &#8211; 28\/09\/2008 &#8211; XXVI Domenica del T.O."},"content":{"rendered":"<p style=\"text-align: justify;\"><span class=\"highlight\">Le ragioni della speranza del 28\/09\/2008 &#8211; <\/span>&#8220;Un uomo aveva due figli; rivoltosi al primo disse: Figlio, va&#8217; oggi a<br \/>\nlavorare nella vigna. Ed egli rispose: S\u00ec, signore; ma non and\u00f2.<br \/>\nRivoltosi al secondo, gli disse lo stesso. Ed egli rispose: Non ne ho<br \/>\nvoglia; ma poi, pentitosi, ci and\u00f2. Chi dei due ha compiuto la volont\u00e0<br \/>\ndel padre? Dicono: L&#8217;ultimo&#8221;.<\/p>\n<p style=\"text-align: justify;\">Leggi l&#8217;omelia<br \/>Guarda il filmato del commento al Vangelo Matteo 21, 28-32 (Video)<\/p>\n<p><!--more--><\/p>\n<div><\/div>\n<p class=\"stickynote\">Fonte:<br \/>http:\/\/www.cantalamessa.org\/it\/omelieView.php?id=385<\/p><\/p>\n","protected":false},"excerpt":{"rendered":"<p>Le ragioni della speranza del 28\/09\/2008 &#8211; &#8220;Un uomo aveva due figli; rivoltosi al primo disse: Figlio, va&#8217; oggi a lavorare nella vigna. Ed egli rispose: S\u00ec, signore; ma non and\u00f2. Rivoltosi al secondo, gli disse lo stesso. Ed egli rispose: Non ne ho voglia; ma poi, pentitosi, ci and\u00f2. Chi dei due ha compiuto&#8230;<\/p>\n","protected":false},"author":3,"featured_media":0,"comment_status":"open","ping_status":"closed","sticky":false,"template":"","format":"standard","meta":{"_kad_post_transparent":"","_kad_post_title":"","_kad_post_layout":"","_kad_post_sidebar_id":"","_kad_post_content_style":"","_kad_post_vertical_padding":"","_kad_post_feature":"","_kad_post_feature_position":"","_kad_post_header":false,"_kad_post_footer":false,"_kad_post_classname":"","footnotes":""},"categories":[11,6],"tags":[],"class_list":["post-827","post","type-post","status-publish","format-standard","hentry","category-11","category-video"],"_links":{"self":[{"href":"https:\/\/archivio.cercoiltuovolto.it\/index.php?rest_route=\/wp\/v2\/posts\/827","targetHints":{"allow":["GET"]}}],"collection":[{"href":"https:\/\/archivio.cercoiltuovolto.it\/index.php?rest_route=\/wp\/v2\/posts"}],"about":[{"href":"https:\/\/archivio.cercoiltuovolto.it\/index.php?rest_route=\/wp\/v2\/types\/post"}],"author":[{"embeddable":true,"href":"https:\/\/archivio.cercoiltuovolto.it\/index.php?rest_route=\/wp\/v2\/users\/3"}],"replies":[{"embeddable":true,"href":"https:\/\/archivio.cercoiltuovolto.it\/index.php?rest_route=%2Fwp%2Fv2%2Fcomments&post=827"}],"version-history":[{"count":0,"href":"https:\/\/archivio.cercoiltuovolto.it\/index.php?rest_route=\/wp\/v2\/posts\/827\/revisions"}],"wp:attachment":[{"href":"https:\/\/archivio.cercoiltuovolto.it\/index.php?rest_route=%2Fwp%2Fv2%2Fmedia&parent=827"}],"wp:term":[{"taxonomy":"category","embeddable":true,"href":"https:\/\/archivio.cercoiltuovolto.it\/index.php?rest_route=%2Fwp%2Fv2%2Fcategories&post=827"},{"taxonomy":"post_tag","embeddable":true,"href":"https:\/\/archivio.cercoiltuovolto.it\/index.php?rest_route=%2Fwp%2Fv2%2Ftags&post=827"}],"curies":[{"name":"wp","href":"https:\/\/api.w.org\/{rel}","templated":true}]}}