{"id":790,"date":"2008-09-11T07:59:27","date_gmt":"2008-09-11T06:59:27","guid":{"rendered":"http:\/\/1304451468"},"modified":"2026-07-01T18:39:03","modified_gmt":"2026-07-01T18:39:03","slug":"il-mondo-canta-maria-in-tour-nella-tappa-di-pisticci","status":"publish","type":"post","link":"https:\/\/archivio.cercoiltuovolto.it\/?p=790","title":{"rendered":"Il Mondo canta Maria&#8221; in Tour nella tappa di Pisticci"},"content":{"rendered":"<p>Trionfa il Festival &#8220;Il Mondo canta Maria&#8221; in Tour nella tappa di Pisticci<\/p>\n<p>3000 persone hanno assistito con entusiasmo al concerto!!! Ultima tappa del tour a Lordes!!<\/p>\n<p><!--more--><\/p>\n<p style=\"text-align: justify;\">Un concerto che verr\u00e0 ricordato a lungo dal pubblico presente sabato 6 settembre in Piazza Umberto I\u00b0 a Pisticci (MT) dove si \u00e8 svolto il Festival Internazionale di Musica Cristiana &#8220;il mondo canta Maria&#8221;, settima tappa del Tour 2008 organizzato dall&#8217;emittente radiofonica Radio Kolbe SAT di Schio. Sono state stimate tremila persone accorse, anche da altre citt\u00e0 della Basilicata, che hanno riempito l&#8217;intera Piazza e la via del corso principale. Durante lo spettacolo, patrocinato dall&#8217;amministrazione comunale locale e la Parrocchia San Antonio di Pisticci, si sono ascoltati vari generi musicali intervallati da concrete testimonianze, tutte in piena sintonia con le finalit\u00e0 del Festival. Egregiamente presentato dallo speacker di Radio Kolbe SAT Anna Maria Pozza, si sono alternati tre artisti e un gruppo musicale. E&#8217; stato un crescendo di entusiasmo iniziato con il saluto dal palco dell&#8217;Arcivescovo di Matera Mons. SALVATORE LIGORIO che invitato, non ha voluto mancare all&#8217;appuntamento. Sono seguite le note del nuovo inno ufficiale della manifestazione presentato dalla strepitosa Band del festival i Nuova Civilt\u00e0 da Reggio Emilia e tra gli applausi di un pubblico festante che ha dimostrato fin da subito di apprezzare e condividere la proposta musicale. Continuando con il cantautore napoletano don Paolo Auricchio molto stimato e atteso a Pisticci che ha presentato alcuni dei suoi brani pi\u00f9 conosciuti, deliziando il pubblico con un&#8217;interpretazione professionale arricchita dalla sua testimonianza di religioso impegnato nella sua Diocesi di Pozzuoli come Vicario Generale e come Cappellano presso il carcere minorile di Nisida. Passando alla proposta molto apprezzata del giovane francescano Fr\u00e0 Leonardo Civitavecchia proveniente da San Severo (Foggia). Una performance arricchita dall&#8217;accompagnamento in Live dalla Band Nuova Civilt\u00e0. Una bella interpretazione ricca di spiritualit\u00e0 e di simpatia condivisa da un pubblico particolarmente entusiasta e festante. A conclusione del concerto \u00e8 toccato al cantautore rocker milanese Roberto Bignoli anche lui accompagnato in live dalla band. La sua performance altamente professionale \u00e8 un susseguirsi di emozioni. Il coinvolgente ritmo, la sua energia, il battimano del pubblico e la sua toccante testimonianza di fede dedicata particolarmente alla figura di Maria unica e vera protagonista della serata. E per finire il concerto un gran finale con tutti gli artisti sul palco accompagnati dai giovani del coro parrocchiale di Pisticci ad intonare assieme al pubblico il gioioso brano &#8220;oh Happy Day&#8221;. Un&#8217;intensa serata, apprezzata anche per l&#8217;autenticit\u00e0 del messaggio cristiano proposto, che si \u00e8 rilevata molto pi\u00f9 di un concerto e che di certo verr\u00e0 ricordata a lungo a Pisticci. Un ringraziamento a tutti gli artisti che sono riusciti a trasmettere al numeroso pubblico presente e a quello collegato in diretta tramite le frequenze e il sito di Radio Kolbe SAT, dell&#8217;ottima musica e validi contenuti di fede. Un sentito riconoscimento al Parroco don Michele e a tutti i collaboratori della Parrocchia di Pisticci per l&#8217;ottima organizzazione e per la tenacia che hanno avuto per portare l&#8217;evento nella loro citt\u00e0, oltre che per la splendida ospitalit\u00e0 che hanno riservato allo Staff di Radio Kolbe. Ci \u00e8 gradita l&#8217;occasione per ringraziare anche lo splendido gruppo Nuova Civilt\u00e0 di Reggio Emilia che ha accompagnato il Live l&#8217;intero Tour 2008. La loro disponibilit\u00e0 e professionalit\u00e0 ha fatto crescere in qualit\u00e0 musicale il Festival, proponendo l&#8217;accompagnamento live a molti artisti. A tutti i tecnici di Radio Kolbe SAT che hanno trasmesso in diretta mondiale audio e video il concerto e allo Staff del Festival per la perfetta conduzione della serata. Ricordiamo il prossimo atteso e conclusivo appuntamento con il TOUR 2008 del Festival &#8220;il mondo canta Maria&#8221;, che si svolger\u00e0 a Lourdes in collaborazione con l&#8217;UNITALSI, mercoled\u00ec 1 ottobre alle ore 14,30 presso la Chiesa di Santa Bernardette.<\/p>\n<p style=\"text-align: justify;\">Per qualsiasi ulteriore informazione (<strong>e video musicali<\/strong>)visitate il sito ufficiale del Festival www.ilmondocantamaria.it.<\/p>\n","protected":false},"excerpt":{"rendered":"<p>Trionfa il Festival &#8220;Il Mondo canta Maria&#8221; in Tour nella tappa di Pisticci 3000 persone hanno assistito con entusiasmo al concerto!!! Ultima tappa del tour a Lordes!!<\/p>\n","protected":false},"author":3,"featured_media":0,"comment_status":"open","ping_status":"closed","sticky":false,"template":"","format":"standard","meta":{"_kad_post_transparent":"","_kad_post_title":"","_kad_post_layout":"","_kad_post_sidebar_id":"","_kad_post_content_style":"","_kad_post_vertical_padding":"","_kad_post_feature":"","_kad_post_feature_position":"","_kad_post_header":false,"_kad_post_footer":false,"_kad_post_classname":"","footnotes":""},"categories":[11,6],"tags":[],"class_list":["post-790","post","type-post","status-publish","format-standard","hentry","category-11","category-video"],"_links":{"self":[{"href":"https:\/\/archivio.cercoiltuovolto.it\/index.php?rest_route=\/wp\/v2\/posts\/790","targetHints":{"allow":["GET"]}}],"collection":[{"href":"https:\/\/archivio.cercoiltuovolto.it\/index.php?rest_route=\/wp\/v2\/posts"}],"about":[{"href":"https:\/\/archivio.cercoiltuovolto.it\/index.php?rest_route=\/wp\/v2\/types\/post"}],"author":[{"embeddable":true,"href":"https:\/\/archivio.cercoiltuovolto.it\/index.php?rest_route=\/wp\/v2\/users\/3"}],"replies":[{"embeddable":true,"href":"https:\/\/archivio.cercoiltuovolto.it\/index.php?rest_route=%2Fwp%2Fv2%2Fcomments&post=790"}],"version-history":[{"count":0,"href":"https:\/\/archivio.cercoiltuovolto.it\/index.php?rest_route=\/wp\/v2\/posts\/790\/revisions"}],"wp:attachment":[{"href":"https:\/\/archivio.cercoiltuovolto.it\/index.php?rest_route=%2Fwp%2Fv2%2Fmedia&parent=790"}],"wp:term":[{"taxonomy":"category","embeddable":true,"href":"https:\/\/archivio.cercoiltuovolto.it\/index.php?rest_route=%2Fwp%2Fv2%2Fcategories&post=790"},{"taxonomy":"post_tag","embeddable":true,"href":"https:\/\/archivio.cercoiltuovolto.it\/index.php?rest_route=%2Fwp%2Fv2%2Ftags&post=790"}],"curies":[{"name":"wp","href":"https:\/\/api.w.org\/{rel}","templated":true}]}}