{"id":775,"date":"2008-07-23T11:19:50","date_gmt":"2008-07-23T10:19:50","guid":{"rendered":"http:\/\/1693174163"},"modified":"2026-07-01T18:39:16","modified_gmt":"2026-07-01T18:39:16","slug":"imago-veritatis-larte-come-via-spirituale","status":"publish","type":"post","link":"https:\/\/archivio.cercoiltuovolto.it\/?p=775","title":{"rendered":"Imago Veritatis &#8211; L&#8217;arte come via spirituale"},"content":{"rendered":"<p style=\"text-align: justify;\">\u00c8 presentato ufficialmente al pubblico il festival <strong>Imago veritatis<\/strong> \u2013 l\u2019arte come via spirituale. Volto a recuperare il significato spirituale dell\u2019arte, esso si propone di far s\u00ec che tutti, indistintamente, possano avvicinarsi ad essa non soltanto ammirandone la bellezza e la naturalit\u00e0, ma anche comprendendo il messaggio che trasmette. Teatro naturale della manifestazione \u00e8 Varallo Sesia, con il suo Sacro Monte (il pi\u00f9 importante d\u2019Europa), dal 13 al 15 giugno 2008. La manifestazione comprende eventi di vario genere: teatro, film, mostre, visite guidate al Sacro Monte \u2013 due delle quali affidate a Vittorio Sgarbi \u2013 e lectio magistralis di insigni studiosi ed esperti d\u2019arte e di mons. Tarcisio Bertone, Segretario dello Stato Vaticano. Un evento promosso dal Centro libri di Varallo, con il Progetto Culturale promosso dalla Chiesa Cattolica, la Diocesi di Novara, la citt\u00e0 di Varallo e la Riserva Naturale Speciale del Sacro Monte di Varallo, in collaborazione con l\u2019associazione Sant\u2019Anselmo di Milano. <span style=\"color: #ff6600;\"><strong>Guarda tutti i video del ciclo di incontri.<\/strong><\/span><\/p>\n<p><!--more--><\/p>\n<p style=\"text-align: justify;\">\u00c8 presentato ufficialmente al pubblico il festival <strong>Imago veritatis<\/strong> \u2013 l\u2019arte come via spirituale. Volto a recuperare il significato<br \/>\nspirituale dell\u2019arte, esso si propone di far s\u00ec che tutti,<br \/>\nindistintamente, possano avvicinarsi ad essa non soltanto ammirandone<br \/>\nla bellezza e la naturalit\u00e0, ma anche comprendendo il messaggio che<br \/>\ntrasmette. Teatro naturale della manifestazione \u00e8 Varallo Sesia, con il<br \/>\nsuo Sacro Monte (il pi\u00f9 importante d\u2019Europa), dal 13 al 15 giugno 2008.<br \/>\nLa manifestazione comprende eventi di vario genere: teatro, film,<br \/>\nmostre, visite guidate al Sacro Monte \u2013 due delle quali affidate a<br \/>\nVittorio Sgarbi \u2013 e lectio magistralis di insigni studiosi ed esperti<br \/>\nd\u2019arte e di mons. Tarcisio Bertone, Segretario dello Stato Vaticano. Un<br \/>\nevento promosso dal Centro libri di Varallo, con il Progetto Culturale<br \/>\npromosso dalla Chiesa Cattolica, la Diocesi di Novara, la citt\u00e0 di<br \/>\nVarallo e la Riserva Naturale Speciale del Sacro Monte di Varallo, in<br \/>\ncollaborazione con l\u2019associazione Sant\u2019Anselmo di Milano.<\/p>\n<h4>19 apr 2008<\/h4>\n<p style=\"background-color: #ffffff;\">Presentazione ufficiale di Imago Veritatis<\/p>\n<h4>14 giu 2008<\/h4>\n<p>Arte contemporanea e senso religioso<\/p>\n<p>Letture e Musiche<br \/>Letture e Musiche con Graziano Giacometti, Costanza Daffara e Francesca<br \/>\nPastorino attori, Nadia Maniezzo al flauto, Marta Pettoni all&#8217;arpa<\/p>\n<p>Testori e la Pinacoteca di Varallo<br \/><strong>Vittorio Sgarbi<\/strong> racconta la Pinacoteca di Varallo sulle orme di<br \/>\nGiovanni Testori, noto critico d&#8217;arte e poeta di Novate Milanese (12<br \/>\nmaggio 1923 &#8211; 16 marzo 1993)<\/p>\n<h4>15 giu 2008<\/h4>\n<p>Testori e il Sacro Monte di Varallo<br \/><strong>Vittorio Sgarbi<\/strong> racconta la Pinacoteca di Varallo sulle orme di<br \/>\nGiovanni Testori, noto critico d&#8217;arte e poeta di Novate Milanese (12<br \/>\nmaggio 1923 &#8211; 16 marzo 1993)<\/p>\n<p>Maria figlia di Sion: dalla Gerusalemme terrena alla Gerusalemme celeste<br \/> Lectio Magistralis tenuta da Sua Eminenza Reverendissima il <strong>Cardinale Tarcisio Bertone<\/strong>, Segretario di Stato di Sua Santit\u00e0.<\/p>\n<p class=\"stickynote\">Fonte:<br \/><a target=\"_blank\" href=\"http:\/\/www.lanuovaregaldi.it\/archivio.cfm?sezioneArc=565\">La Nuova Regaldi<\/a><\/p>\n","protected":false},"excerpt":{"rendered":"<p>\u00c8 presentato ufficialmente al pubblico il festival Imago veritatis \u2013 l\u2019arte come via spirituale. Volto a recuperare il significato spirituale dell\u2019arte, esso si propone di far s\u00ec che tutti, indistintamente, possano avvicinarsi ad essa non soltanto ammirandone la bellezza e la naturalit\u00e0, ma anche comprendendo il messaggio che trasmette. Teatro naturale della manifestazione \u00e8 Varallo&#8230;<\/p>\n","protected":false},"author":3,"featured_media":0,"comment_status":"open","ping_status":"closed","sticky":false,"template":"","format":"standard","meta":{"_kad_post_transparent":"","_kad_post_title":"","_kad_post_layout":"","_kad_post_sidebar_id":"","_kad_post_content_style":"","_kad_post_vertical_padding":"","_kad_post_feature":"","_kad_post_feature_position":"","_kad_post_header":false,"_kad_post_footer":false,"_kad_post_classname":"","footnotes":""},"categories":[11,6],"tags":[],"class_list":["post-775","post","type-post","status-publish","format-standard","hentry","category-11","category-video"],"_links":{"self":[{"href":"https:\/\/archivio.cercoiltuovolto.it\/index.php?rest_route=\/wp\/v2\/posts\/775","targetHints":{"allow":["GET"]}}],"collection":[{"href":"https:\/\/archivio.cercoiltuovolto.it\/index.php?rest_route=\/wp\/v2\/posts"}],"about":[{"href":"https:\/\/archivio.cercoiltuovolto.it\/index.php?rest_route=\/wp\/v2\/types\/post"}],"author":[{"embeddable":true,"href":"https:\/\/archivio.cercoiltuovolto.it\/index.php?rest_route=\/wp\/v2\/users\/3"}],"replies":[{"embeddable":true,"href":"https:\/\/archivio.cercoiltuovolto.it\/index.php?rest_route=%2Fwp%2Fv2%2Fcomments&post=775"}],"version-history":[{"count":0,"href":"https:\/\/archivio.cercoiltuovolto.it\/index.php?rest_route=\/wp\/v2\/posts\/775\/revisions"}],"wp:attachment":[{"href":"https:\/\/archivio.cercoiltuovolto.it\/index.php?rest_route=%2Fwp%2Fv2%2Fmedia&parent=775"}],"wp:term":[{"taxonomy":"category","embeddable":true,"href":"https:\/\/archivio.cercoiltuovolto.it\/index.php?rest_route=%2Fwp%2Fv2%2Fcategories&post=775"},{"taxonomy":"post_tag","embeddable":true,"href":"https:\/\/archivio.cercoiltuovolto.it\/index.php?rest_route=%2Fwp%2Fv2%2Ftags&post=775"}],"curies":[{"name":"wp","href":"https:\/\/api.w.org\/{rel}","templated":true}]}}