{"id":761,"date":"2008-07-11T10:59:56","date_gmt":"2008-07-11T09:59:56","guid":{"rendered":"http:\/\/171751003"},"modified":"2026-07-01T18:39:16","modified_gmt":"2026-07-01T18:39:16","slug":"la-marcia-francescana-2008-firenze-la-verna-assisi","status":"publish","type":"post","link":"https:\/\/archivio.cercoiltuovolto.it\/?p=761","title":{"rendered":"La Marcia Francescana 2008 &#8211; Firenze, La Verna, Assisi"},"content":{"rendered":"<p style=\"text-align: justify;\">Il mese di Agosto \u00e8 comunemente considerato il mese della vacanza, dato<br \/>\nil ponte di Ferragosto, il caldo, la fine della scuola. Anche noi<br \/>\nvalutiamo positivamente il riposo e la vacanza, soprattutto quando sono<br \/>\nrealmente \u201criposanti\u201d! Quando non sono un semplice volersi annullare e<br \/>\ndormire e fuggire, ma quando diventano un momento di crescita, del<br \/>\nritrovarsi, del condividere e del ricercare il di pi\u00f9, e perch\u00e9 no,<br \/>\nnella gioia e nel divertimento. Magari con un fine. Ed \u00e8 per questo<br \/>\nmotivo che proponiamo a tutti coloro che desiderano dare un senso al<br \/>\ntempo che vivono, di fare con noi un\u2019esaltante esperienza di libert\u00e0.<\/p>\n<p><!--more--><\/p>\n<p style=\"text-align: justify;\"><span style=\"font-size: 100%;\">La <span style=\"font-weight: bold; color: #000099; font-style: italic;\"><span style=\"color: #ff0000;\">Marcia Francescan<\/span><span style=\"color: #ff0000;\">a<\/span><\/span> \u00e8 un pellegrinaggio, diretto ad Assisi, per incontrare il Signore<br \/>\nRisorto, nel giorno del Perdono: Francesco d\u2019Assisi ha ottenuto per noi<br \/>\ndal Signore Ges\u00f9 il perdono, non solo delle colpe commesse con il<br \/>\npeccato, ma anche delle pene a cui ci siamo sottoposti <\/span><span style=\"font-size: 100%;\">scegliendo<br \/>\nil male! Il pellegrinaggio lo vivremo da veri pellegrini:<br \/>\nnell\u2019essenzialit\u00e0 dei mezzi da usare, nell\u2019abbandono e nella fiducia in<br \/>\ncoloro che ci guideranno fisicamente e spiritualmente, nella preghiera<br \/>\nelevata a Dio, nella condivisione con i compagni di cammino. La fatica<br \/>\nnon sar\u00e0 fine a se stessa, ma un modo per dire che ci\u00f2 che facciamo \u00e8<br \/>\nvero e concreto ed \u00e8 come la vita. Per una diecina di giorni saremo poi<br \/>\nuna vera comunit\u00e0 itinerante, ad immagine di Ges\u00f9 e dei suoi primi<br \/>\ndiscepoli stando e pregando insieme, con gioia e in letizia,<br \/>\nannunciando a tutti la Bellezza che incontreremo.<\/span><\/p>\n<\/p>\n<p style=\"text-align: justify;\">Il cammino si snoder\u00e0 per i sentieri della meravigliosa terra toscana, partendo da Firenze e<br \/>\npassando per le dolci colline del Valdarno, fianco a fianco al fiume<br \/>\nArno, arrivando a scollinare il passo della Crocina per poi raggiungere<br \/>\nil Crudo Sasso della<span style=\"font-weight: bold;\"> Verna<\/span>,<span style=\"font-size: 100%;\"> dove frate Francesco d\u2019Assisi camminava pensoso, col cuore colmo di<br \/>\ninterrogativi e dove un giorno ha trovato nel Serafino crocifisso la<br \/>\nRisposta. Sovente il nostro cammino si incrocer\u00e0 con uomini e donne che<br \/>\nci chiederanno il motivo di tanto camminare e faticare.<\/span><\/p>\n<\/p>\n<p style=\"text-align: justify;\">Avremo<br \/>\npertanto l\u2019occasione di testimoniare la reale possibilit\u00e0 di vivere la<br \/>\nvita in maniera diversa dal solito, con gioia, con impegno, nella<br \/>\nfiducia reciproca e soprattutto senza maschere. Quest\u2019ultima<br \/>\ncaratteristica rende la marcia particolarmente significativa, poich\u00e9<br \/>\nabituati a mascherarci per i pi\u00f9 svariati motivi, dalla paura del<br \/>\ngiudizio, al bisogno di essere riconosciuti, dal sentirsi di meno al<br \/>\nsentirsi di pi\u00f9 degli altri, finalmente troveremo uno spazio ed un<br \/>\nluogo dove poter essere semplicemente noi stessi. Dove ci verr\u00e0 chiesto<br \/>\ndi essere ci\u00f2 che siamo e dove saremo accolti per quello che siamo. Ne<br \/>\npi\u00f9 ne meno! Allora: zaino in spalla e buon cammino! Per chi non ci<br \/>\nsar\u00e0 fisicamente, la richiesta che vi facciamo \u00e8 quella di<br \/>\naccompagnarci nella preghiera. E noi faremo altrettanto per voi!!<\/p>\n<\/p>\n<p class=\"stickynote\">Fonte:<br \/><a target=\"_blank\" href=\"http:\/\/incontrioreb.googlepages.com\/home\">Incontri Oreb &#8211; Convento di Fiesole &#8211; a cura di <span style=\"font-size: 100%; font-style: italic;\">fra David<\/span><\/a><\/p>\n","protected":false},"excerpt":{"rendered":"<p>Il mese di Agosto \u00e8 comunemente considerato il mese della vacanza, dato il ponte di Ferragosto, il caldo, la fine della scuola. Anche noi valutiamo positivamente il riposo e la vacanza, soprattutto quando sono realmente \u201criposanti\u201d! Quando non sono un semplice volersi annullare e dormire e fuggire, ma quando diventano un momento di crescita, del&#8230;<\/p>\n","protected":false},"author":3,"featured_media":0,"comment_status":"open","ping_status":"closed","sticky":false,"template":"","format":"standard","meta":{"_kad_post_transparent":"","_kad_post_title":"","_kad_post_layout":"","_kad_post_sidebar_id":"","_kad_post_content_style":"","_kad_post_vertical_padding":"","_kad_post_feature":"","_kad_post_feature_position":"","_kad_post_header":false,"_kad_post_footer":false,"_kad_post_classname":"","footnotes":""},"categories":[11,6],"tags":[],"class_list":["post-761","post","type-post","status-publish","format-standard","hentry","category-11","category-video"],"_links":{"self":[{"href":"https:\/\/archivio.cercoiltuovolto.it\/index.php?rest_route=\/wp\/v2\/posts\/761","targetHints":{"allow":["GET"]}}],"collection":[{"href":"https:\/\/archivio.cercoiltuovolto.it\/index.php?rest_route=\/wp\/v2\/posts"}],"about":[{"href":"https:\/\/archivio.cercoiltuovolto.it\/index.php?rest_route=\/wp\/v2\/types\/post"}],"author":[{"embeddable":true,"href":"https:\/\/archivio.cercoiltuovolto.it\/index.php?rest_route=\/wp\/v2\/users\/3"}],"replies":[{"embeddable":true,"href":"https:\/\/archivio.cercoiltuovolto.it\/index.php?rest_route=%2Fwp%2Fv2%2Fcomments&post=761"}],"version-history":[{"count":0,"href":"https:\/\/archivio.cercoiltuovolto.it\/index.php?rest_route=\/wp\/v2\/posts\/761\/revisions"}],"wp:attachment":[{"href":"https:\/\/archivio.cercoiltuovolto.it\/index.php?rest_route=%2Fwp%2Fv2%2Fmedia&parent=761"}],"wp:term":[{"taxonomy":"category","embeddable":true,"href":"https:\/\/archivio.cercoiltuovolto.it\/index.php?rest_route=%2Fwp%2Fv2%2Fcategories&post=761"},{"taxonomy":"post_tag","embeddable":true,"href":"https:\/\/archivio.cercoiltuovolto.it\/index.php?rest_route=%2Fwp%2Fv2%2Ftags&post=761"}],"curies":[{"name":"wp","href":"https:\/\/api.w.org\/{rel}","templated":true}]}}