{"id":749,"date":"2008-06-27T07:18:48","date_gmt":"2008-06-27T06:18:48","guid":{"rendered":"http:\/\/368820567"},"modified":"2026-07-01T18:39:16","modified_gmt":"2026-07-01T18:39:16","slug":"stati-generali-della-chiesa-a-serino","status":"publish","type":"post","link":"https:\/\/archivio.cercoiltuovolto.it\/?p=749","title":{"rendered":"Stati generali della Chiesa a Serino"},"content":{"rendered":"<p>SEPE TRACCIA IL BILANCIO<\/p>\n<p style=\"text-align: justify;\">Le linee guida, i contenuti e gli obiettivi dell\u2019azione pastorale da sviluppare nelle diocesi del territorio per il prossimo triennio di lavoro, a partire dal mese di settembre, sono stati al centro del vertice della Chiesa di Napoli che il Cardinale Crescenzio Sepe ha convocato a Serino, in provincia di Avellino. Oltre al Cardinale, presenti i due vescovi ausiliari, i nove vicari episcopali, i tredici decani, il consiglio presbiterale, il rettore del seminario arcivescovile, i direttori degli uffici di curia, i rappresentanti dei diaconi permanenti e del laicato cattolico.<\/p>\n<p><!--more--><\/p>\n<p>{mgmediabot2}path=http:\/\/www.videocomunicazioni.com\/VIDEOTGFLV2008\/260608statigeneralichiesa.flv|width=300|height=300{\/mgmediabot2}<\/p>\n<p style=\"text-align: justify;\">Questa mattina, dopo tre giorni di incontri, il Cardinale ha tenuto la relazione conclusiva. Uno dei primi punti emersi \u00e8 la specificit\u00e0 dei territori. Secondo Sepe occorre individuare le caratteristiche e le particolarit\u00e0 di ogni area del territorio, comprese le risorse umane. Poi, il piano pastorale, prevede anche di dare segni concreti contro la povert\u00e0. Con delle opere, infatti, si dar\u00e0 una risposta a quei territori pi\u00f9 bisognosi. Tutto questo tenendo conto che l\u2019impegno principale \u00e8 la sfida educativa per rispondere al relativismo etico che condiziona in qualche modo i rapporti e le relazioni tra le persone. Si far\u00e0 leva, \u00e8 emerso con chiarezza dall\u2019analisi socio religiosa commissionata dal Cardinale, sulla cosi detta religiosit\u00e0 popolare. Un collante che mette insieme il territorio e le diocesi. In conclusione Sepe ha sottolineato che si punter\u00e0 molto sui giovani attraverso un rafforzamento degli oratori parrocchiani.<\/p>\n<p class=\"stickynote\">Fonte:<br \/><a target=\"_blank\" href=\"http:\/\/www.videocomunicazioni.com\/2008\/06\/26\/stati-generali-della-chiesa-a-serino-sepe-traccia-il-bilancio\/\">Video Comunicazioni <\/a>&#8211; Articolo di: Barbara Romano<\/p>\n","protected":false},"excerpt":{"rendered":"<p>SEPE TRACCIA IL BILANCIO Le linee guida, i contenuti e gli obiettivi dell\u2019azione pastorale da sviluppare nelle diocesi del territorio per il prossimo triennio di lavoro, a partire dal mese di settembre, sono stati al centro del vertice della Chiesa di Napoli che il Cardinale Crescenzio Sepe ha convocato a Serino, in provincia di Avellino&#8230;.<\/p>\n","protected":false},"author":3,"featured_media":0,"comment_status":"open","ping_status":"closed","sticky":false,"template":"","format":"standard","meta":{"_kad_post_transparent":"","_kad_post_title":"","_kad_post_layout":"","_kad_post_sidebar_id":"","_kad_post_content_style":"","_kad_post_vertical_padding":"","_kad_post_feature":"","_kad_post_feature_position":"","_kad_post_header":false,"_kad_post_footer":false,"_kad_post_classname":"","footnotes":""},"categories":[11,6],"tags":[],"class_list":["post-749","post","type-post","status-publish","format-standard","hentry","category-11","category-video"],"_links":{"self":[{"href":"https:\/\/archivio.cercoiltuovolto.it\/index.php?rest_route=\/wp\/v2\/posts\/749","targetHints":{"allow":["GET"]}}],"collection":[{"href":"https:\/\/archivio.cercoiltuovolto.it\/index.php?rest_route=\/wp\/v2\/posts"}],"about":[{"href":"https:\/\/archivio.cercoiltuovolto.it\/index.php?rest_route=\/wp\/v2\/types\/post"}],"author":[{"embeddable":true,"href":"https:\/\/archivio.cercoiltuovolto.it\/index.php?rest_route=\/wp\/v2\/users\/3"}],"replies":[{"embeddable":true,"href":"https:\/\/archivio.cercoiltuovolto.it\/index.php?rest_route=%2Fwp%2Fv2%2Fcomments&post=749"}],"version-history":[{"count":0,"href":"https:\/\/archivio.cercoiltuovolto.it\/index.php?rest_route=\/wp\/v2\/posts\/749\/revisions"}],"wp:attachment":[{"href":"https:\/\/archivio.cercoiltuovolto.it\/index.php?rest_route=%2Fwp%2Fv2%2Fmedia&parent=749"}],"wp:term":[{"taxonomy":"category","embeddable":true,"href":"https:\/\/archivio.cercoiltuovolto.it\/index.php?rest_route=%2Fwp%2Fv2%2Fcategories&post=749"},{"taxonomy":"post_tag","embeddable":true,"href":"https:\/\/archivio.cercoiltuovolto.it\/index.php?rest_route=%2Fwp%2Fv2%2Ftags&post=749"}],"curies":[{"name":"wp","href":"https:\/\/api.w.org\/{rel}","templated":true}]}}