{"id":504,"date":"2008-10-09T00:00:00","date_gmt":"2008-10-08T23:00:00","guid":{"rendered":"http:\/\/1711033794"},"modified":"2026-07-01T18:38:33","modified_gmt":"2026-07-01T18:38:33","slug":"domenica-12-ottobre-2008-una-festa-bellissima","status":"publish","type":"post","link":"https:\/\/archivio.cercoiltuovolto.it\/?p=504","title":{"rendered":"Domenica 12 Ottobre 2008 &#8211; &#8221; Una festa bellissima ! &#8220;"},"content":{"rendered":"<p>Questa \u00e8 una<br \/>\nrielaborazione <strong>audio\/video<\/strong> sulle letture della Messa di:<b><em> DOMENICA 05 Ottobre 2008 &#8211; XXVIII DOMENICA DEL TEMPO ORDINARIO <\/em><\/b>a cura<br \/>\ndi <a href=\"http:\/\/www.bellanotizia.it\" target=\"_blank\">Antonio Di Lieto<\/a>.   Il titolo della Messa, che unifica<br \/>\ntutte le letture, secondo me \u00e8: <span class=\"highlight\">Una festa bellissima !<br \/><\/span><\/p>\n<p><!--more--><\/p>\n<p style=\"text-align: center;\"><a href=\"http:\/\/www.bellanotizia.it\" target=\"_blank\"><\/a><\/p>\n<\/p>\n<p>{audio}http:\/\/www.bellanotizia.it\/Materiali\/2008%20ANNO%20A\/51%20XXVIIITO%20unafestabellissima\/12_Ott_08_-_Una_festa_bellissima_!-.mp3{\/audio}<\/p>\n<p>{mgmediabot2}path=http:\/\/www.bellanotizia.it\/Materiali\/2008%20ANNO%20A\/51%20XXVIIITO%20unafestabellissima\/12_Ott_08_-_Una_festa_bellissima_!-.mp3|popup=true|popupcaption=Apri il file in una pop-up|width=300|height=50{\/mgmediabot2}<\/p>\n<\/p>\n<h4 style=\"text-align: justify;\"><\/h4>\n<h4>PRIMA LETTURA (dal libro del profeta Isa\u00eca 25,6-10)<\/h4>\n<p>Cos\u00ec dice il profeta Isa\u00eca: &#8220;Un giorno il Signore inviter\u00e0 tutti i popoli della terra sul Suo monte: alla Sua FESTA BELLISSIMA. Dove preparer\u00e0 per loro uno splendido banchetto: saziandoli con vini pregiati e cibi saporiti. Quel giorno Dio strapper\u00e0 il velo di dolore, che ricopre la faccia di tutti gli uomini: disintegrando la morte per sempre! Il Signore asciugher\u00e0 le lacrime dai nostri volti: facendo scomparire le umiliazioni che abbiamo sub\u00ecto sulla terra. Ne siamo sicuri: perch\u00e8 ce l&#8217;ha promesso! Quel giorno diremo: \u00abCom&#8217;\u00e8 grande il nostro Dio: nel quale abbiamo riposto la nostra fiducia. Rallegriamoci felici ed esultiamo, perch\u00e9 il Signore ci ha salvati con la Sua mano potente, invitandoci su questo monte: alla Sua FESTA BELLISSIMA ! \u00bb&#8221;.<\/p>\n<h4>SALMO RESPONSORIALE (Salmo 22,1-3b-4.5-6)<\/h4>\n<p>Rester\u00f2 nella casa del Signore per sempre. Cos\u00ec pregava Davide, il pastore divenuto re: &#8220;Mio Dio, io sono la tua pecorella: e Tu il mio Pastore. Non mi fai mancare niente: mi porti a pascolare sull&#8217;erba fresca, mi fai bere dove il fiume \u00e8 tranquillo, mi d\u00e0i coraggio quando sono impaurito. Tu mi guidi per il giusto sentiero: senza mai abbandonarmi. Anche se dovessi perdermi nel bosco, nelle tue braccia non ho paura. Anche se mi ritrovassi in una valle buia, il tuo bastone mi guida: e mi d\u00e0 sicurezza. Tu prepari per me un banchetto BELLISSIMO: sotto gli occhi dei lupi che vorrebbero sbranarmi. Tu mi lavi e mi profumi: riempiendo il mio bicchiere fino all&#8217;orlo. S\u00ec, la tua bont\u00e0 ed il tuo amore mi saranno sempre vicini. Per questo rester\u00f2 per sempre nella tua casa: perch\u00e8 con Te, la mia vita \u00e8 una FESTA BELLISSIMA!&#8221;.<\/p>\n<h4>SECONDA LETTURA (dalla lettera di Paolo ai cristiani di Fil\u00ecppi 4,12-14.19-20)<\/h4>\n<p>Carissimi fratelli, ho imparato ad essere ricco cos\u00ec come ad essere povero. Sono allenato ad accettare tutte le situazioni: la ricchezza e la povert\u00e0, l&#8217;abbondanza e la fame. Ma posso sopportare tutto, perch\u00e9 Cristo me ne d\u00e0 la forza: non perch\u00e9 sono forte io. Per questo vi ringrazio per essermi stati vicini, nel momento del dolore. Sono certo che il mio Dio soddisfer\u00e0 ogni vostro bisogno: con l&#8217;abbondanza e la generosit\u00e0 che sono di Cristo. Sia glorificato Dio, nei secoli dei secoli: amen. Lui che \u00e8 nostro Padre, ed un giorno ci sazier\u00e0 completamente: facendoci partecipare alla Sua FESTA BELLISSIMA !<\/p>\n<h4>VANGELO (Matteo 22,1-14)<\/h4>\n<p>Per far capire ai faris\u00e8i e ai sommi sacerdoti che stavano rifiutando l&#8217;invito a nozze del Figlio di Dio, un giorno Ges\u00f9 raccont\u00f2 loro questa parabola: &#8220;Dio \u00e8 come quel re, che per le nozze di Suo Figlio, aveva organizzato UNA FESTA BELLISSIMA. Cos\u00ec mand\u00f2 dei servi a portare l&#8217;invito agli invitati: ma questi ultimi si rifiutarono di venire. Allora mand\u00f2 loro altri servi, con l&#8217;ordine di riferire: \u00abGuardate che ho fatto preparare un banchetto magnifico: ed \u00e8 tutto pronto. Su, venite alle nozze di mio Figlio: perch\u00e9 sar\u00e0 UNA FESTA BELLISSIMA!\u00bb. Ma quelli risposero che non avevano tempo: perch\u00e9 dovevano andare chi al proprio campo, chi ai propri affari. Ed alcuni addirittura presero i messaggeri del Re, li maltrattarono e li uccisero.<\/p>\n<p>Il Re allora si arrabbi\u00f2, mand\u00f2 il suo esercito: e fece uccidere quegli assassini. E poi disse ai Suoi servi: \u00abLa FESTA di nozze era pronta: ma evidentemente gli invitati non ne erano degni. Andate ora agli angoli delle strade, ed invitate tutti quelli che trovate!\u00bb. Cos\u00ec quelli uscirono per le strade, e chiamarono tutti quelli che incontravano: bravi e cattivi. E la sala del banchetto nuziale, si riemp\u00ec. Ma quando il Re entr\u00f2 per salutare gli invitati, not\u00f2 che c&#8217;era un uomo vestito con un abito non di festa: e completamente ubriaco. Gli disse allora: \u00abNon sai come ci si comporta nella casa di un re?\u00bb. Poi ordin\u00f2 ai servi: \u00abPrendetelo: e buttatelo fuori! Perch\u00e8 ha scelto di vivere al buio: nel pianto e nel dolore!\u00bb&#8221;.<\/p>\n<p>Rivolto ai faris\u00e8i ed ai sommi sacerdoti, Ges\u00f9 allora concluse: &#8220;Anche Dio vi sta invitando alle nozze di Suo Figlio: alla Sua FESTA BELLISSIMA. Ma voi che pure siete il Suo popolo, non volete venire. Dite che non avete tempo, perch\u00e8 dovete curare i vostri campi e i vostri affari: o addirittura maltrattate ed uccidete i Suoi messaggeri. Cos\u00ec Dio ha esteso il Suo invito a tutti: ma anche alcuni di questi altri, non si sono mostrati degni del suo invito. Perch\u00e9 molti sono gli invitati al regno di Dio: ma pochi quelli che parteciperanno alla Sua FESTA BELLISSIMA !&#8221;.<\/p>\n<p><\/p>\n<p class=\"message\">Devo precisare che, anche se la lettura di queste<br \/>\nbellenotizie aiuta a comprendere la prima parte della Messa (Liturgia della<br \/>\nParola), non potr\u00e0 <strong>mai <\/strong>sostituire la seconda parte (Liturgia eucaristica), in<br \/>\ncui ci viene data  la possibilit\u00e0 di &#8220;abbracciare&#8221; veramente il<br \/>\nCorpo di Cristo.<\/p>\n<p class=\"stickynote\">Sul sito <a href=\"http:\/\/www.bellanotizia.it\/\" target=\"_blank\" onclick=\"return top.js.OpenExtLink(window,event,this)\">http:\/\/www.bellanotizia.it<\/a> puoi<br \/>\nscaricare tante altre &#8220;bellenotizie&#8221;, anche in forma di registrazione-audio e<br \/>\npresentazione-video, oltre a diversi miei articoli,<br \/>\nscritti, corrispondenze-mail ed ipotesi innovative.<\/p><\/p>\n","protected":false},"excerpt":{"rendered":"<p>Questa \u00e8 una rielaborazione audio\/video sulle letture della Messa di: DOMENICA 05 Ottobre 2008 &#8211; XXVIII DOMENICA DEL TEMPO ORDINARIO a cura di Antonio Di Lieto. Il titolo della Messa, che unifica tutte le letture, secondo me \u00e8: Una festa bellissima !<\/p>\n","protected":false},"author":3,"featured_media":0,"comment_status":"open","ping_status":"closed","sticky":false,"template":"","format":"standard","meta":{"_kad_post_transparent":"","_kad_post_title":"","_kad_post_layout":"","_kad_post_sidebar_id":"","_kad_post_content_style":"","_kad_post_vertical_padding":"","_kad_post_feature":"","_kad_post_feature_position":"","_kad_post_header":false,"_kad_post_footer":false,"_kad_post_classname":"","footnotes":""},"categories":[11,4],"tags":[],"class_list":["post-504","post","type-post","status-publish","format-standard","hentry","category-11","category-audio-cattolici"],"_links":{"self":[{"href":"https:\/\/archivio.cercoiltuovolto.it\/index.php?rest_route=\/wp\/v2\/posts\/504","targetHints":{"allow":["GET"]}}],"collection":[{"href":"https:\/\/archivio.cercoiltuovolto.it\/index.php?rest_route=\/wp\/v2\/posts"}],"about":[{"href":"https:\/\/archivio.cercoiltuovolto.it\/index.php?rest_route=\/wp\/v2\/types\/post"}],"author":[{"embeddable":true,"href":"https:\/\/archivio.cercoiltuovolto.it\/index.php?rest_route=\/wp\/v2\/users\/3"}],"replies":[{"embeddable":true,"href":"https:\/\/archivio.cercoiltuovolto.it\/index.php?rest_route=%2Fwp%2Fv2%2Fcomments&post=504"}],"version-history":[{"count":0,"href":"https:\/\/archivio.cercoiltuovolto.it\/index.php?rest_route=\/wp\/v2\/posts\/504\/revisions"}],"wp:attachment":[{"href":"https:\/\/archivio.cercoiltuovolto.it\/index.php?rest_route=%2Fwp%2Fv2%2Fmedia&parent=504"}],"wp:term":[{"taxonomy":"category","embeddable":true,"href":"https:\/\/archivio.cercoiltuovolto.it\/index.php?rest_route=%2Fwp%2Fv2%2Fcategories&post=504"},{"taxonomy":"post_tag","embeddable":true,"href":"https:\/\/archivio.cercoiltuovolto.it\/index.php?rest_route=%2Fwp%2Fv2%2Ftags&post=504"}],"curies":[{"name":"wp","href":"https:\/\/api.w.org\/{rel}","templated":true}]}}