{"id":404,"date":"2008-07-14T06:42:37","date_gmt":"2008-07-14T05:42:37","guid":{"rendered":"http:\/\/670168648"},"modified":"2026-07-01T18:39:16","modified_gmt":"2026-07-01T18:39:16","slug":"messaggio-di-benedetto-xvi-ai-giovani-della-gmg","status":"publish","type":"post","link":"https:\/\/archivio.cercoiltuovolto.it\/?p=404","title":{"rendered":"Messaggio di Benedetto XVI ai giovani della GMG"},"content":{"rendered":"<p>In Australia per scoprire nelle parole di Ges\u00f9 la risposta alle grandi domande della vita e per non perdere la speranza<\/p>\n<p><span class=\"highlight\">Scarica il file in mp3 <\/span><\/p>\n<p><!--more--><\/p>\n<div style=\"text-align: justify;\">Un invito a raggiungerlo in Australia &#8220;terra meridionale dello Spirito Santo&#8221;: lo rivolge ai giovani di tutto il mondo Benedetto XVI dalle pagine di un Messaggio che da oggi circola tra le folle di ragazzi gi\u00e0 a Sydney, che accoglier\u00e0 quelli in arrivo e che occhieggia anche dai quotidiani locali, sempre pi\u00f9 coinvolti dagli inizii della Giornata mondiale della Giovent\u00f9, che dalle 15, ora di Sydney, le 7 in Italia, ha sul suolo australiano il suo protagonista pi\u00f9 atteso: il Papa. Dopo le parole pronunciate ieri poco dopo l&#8217;inizio del lungo viaggio aereo verso i luoghi della GMG, il pensiero di Benedetto XVI \u00e8 ora affidato a questo Messaggio che fa da &#8220;prologo&#8221;, quasi, al momento in cui il Pontefice, gioved\u00ec prossimo, si lascer\u00e0 abbracciare dalle decine di migliaia di ragazzi e ragazze di tutti i continenti e potr\u00e0 parlare direttamente con loro. Ascoltiamone una sintesi, in questo servizio di Alessandro De Carolis:<\/div>\n<p class=\"download\" style=\"text-align: justify;\">Scarica il file in mp3 del servizio<\/p>\n<p style=\"text-align: justify;\">Il mondo attuale spesso confonde i giovani. La confusione li rende incerti su cosa fare, l&#8217;incertezza finisce con il generare la sfiducia. Ma Ges\u00f9 ha le risposte che i giovani cercano: per se stessi, per l&#8217;ambiente che li circonda ed ha bisogno di protezione, per quelle popolazioni che, oppresse da varie forme di miseria, sono l\u00ec con la loro povert\u00e0 a scuotere la coscienza del mondo in cerca di aiuto e di progresso. Benedetto XVI presenta con queste rapide &#8220;pennellate&#8221; il senso e gli obiettivi della Giornata mondiale della giovent\u00f9. In un messaggio indirizzato al popolo australiano e ai giovani che partecipano al grande raduno di Sydney, il Papa torna su un concetto a lui caro: i giovani missionari dei giovani. &#8220;E&#8217; mia ferma convinzione &#8211; scrive &#8211; che i giovani sono chiamati ad essere strumenti di questo rinnovamento, comunicando ai loro coetanei la gioia che hanno sperimentato nel conoscere e nel seguire Cristo, e condividendo con gli altri l&#8217;amore che lo Spirito riversa nei loro cuori, in modo che anch&#8217;essi siano colmi di speranza e di gratitudine per tutto il bene che hanno ricevuto da Dio, nostro Padre celeste&#8221;.<\/p>\n<p style=\"text-align: justify;\">Una speranza che oggi, constata Benedetto XVI, purtroppo molti giovani non hanno, anche perch\u00e9 contraddittori sono i segnali che arrivano sulle grandi questioni che li interpellano. &#8220;Rimangono perplessi &#8211; nota il Papa &#8211; di fronte alle domande che si presentano loro in modo sempre pi\u00f9 incalzante in un mondo che li confonde, e sono spesso incerti verso dove rivolgersi per trovare risposte. Vedono la povert\u00e0 e l&#8217;ingiustizia e desiderano trovare soluzioni. Sono sfidati dagli argomenti di coloro che negano l&#8217;esistenza di Dio e si domandano come rispondervi. Vedono i grandi danni recati all&#8217;ambiente naturale dall&#8217;avidit\u00e0 umana e lottano per trovare modi per vivere in maggiore armonia con la natura e con gli altri&#8221;. E le risposte a tutto questo? Benedetto XVI \u00e8 chiaro: lo Spirito, afferma, &#8220;ci orienta a Cristo&#8221;, in Lui &#8220;troviamo le mete per le quali vale veramente la pena di vivere&#8221; e &#8220;la forza per continuare il cammino con cui far nascere un mondo migliore&#8221;.<\/p>\n<p style=\"text-align: justify;\">Il Pontefice, che in precedenza aveva ringraziato tutti i livelli, civili ed ecclesiali, che si sono adoperati per l&#8217;organizzazione e la buona riuscita della GMG, spende parole di affetto specialmente per chi, dice, ha sostenuto &#8220;grandi sacrifici&#8221; per raggiungere l&#8217;Australia. &#8220;Prego &#8211; \u00e8 il suo augurio &#8211; che vengano largamente ricompensati&#8221;. E un&#8217;altra preghiera conclude il suo Messaggio: che &#8220;i cuori dei giovani che si riuniscono a Sydney per la celebrazione della Giornata Mondiale della Giovent\u00f9 trovino veramente riposo nel Signore e &#8211; soggiunge &#8211; possano essere colmati di gioia e di fervore per diffondere la Buona Novella fra i loro amici, le loro famiglie e tutti coloro che incontrano&#8221;. Il mio cuore, conclude il Papa, &#8220;vi raggiunge tutti, compresi coloro che sono malati o in difficolt\u00e0 di qualsiasi genere. A nome di tutti i giovani, vi ringrazio di nuovo per il vostro sostegno alla mia missione e vi chiedo di continuare a pregare soprattutto per loro&#8221;.<\/p>\n<p style=\"text-align: justify;\">Fonte:<br \/>Radio Vaticana<\/p>\n","protected":false},"excerpt":{"rendered":"<p>In Australia per scoprire nelle parole di Ges\u00f9 la risposta alle grandi domande della vita e per non perdere la speranza Scarica il file in mp3<\/p>\n","protected":false},"author":3,"featured_media":0,"comment_status":"open","ping_status":"closed","sticky":false,"template":"","format":"standard","meta":{"_kad_post_transparent":"","_kad_post_title":"","_kad_post_layout":"","_kad_post_sidebar_id":"","_kad_post_content_style":"","_kad_post_vertical_padding":"","_kad_post_feature":"","_kad_post_feature_position":"","_kad_post_header":false,"_kad_post_footer":false,"_kad_post_classname":"","footnotes":""},"categories":[11,4],"tags":[],"class_list":["post-404","post","type-post","status-publish","format-standard","hentry","category-11","category-audio-cattolici"],"_links":{"self":[{"href":"https:\/\/archivio.cercoiltuovolto.it\/index.php?rest_route=\/wp\/v2\/posts\/404","targetHints":{"allow":["GET"]}}],"collection":[{"href":"https:\/\/archivio.cercoiltuovolto.it\/index.php?rest_route=\/wp\/v2\/posts"}],"about":[{"href":"https:\/\/archivio.cercoiltuovolto.it\/index.php?rest_route=\/wp\/v2\/types\/post"}],"author":[{"embeddable":true,"href":"https:\/\/archivio.cercoiltuovolto.it\/index.php?rest_route=\/wp\/v2\/users\/3"}],"replies":[{"embeddable":true,"href":"https:\/\/archivio.cercoiltuovolto.it\/index.php?rest_route=%2Fwp%2Fv2%2Fcomments&post=404"}],"version-history":[{"count":0,"href":"https:\/\/archivio.cercoiltuovolto.it\/index.php?rest_route=\/wp\/v2\/posts\/404\/revisions"}],"wp:attachment":[{"href":"https:\/\/archivio.cercoiltuovolto.it\/index.php?rest_route=%2Fwp%2Fv2%2Fmedia&parent=404"}],"wp:term":[{"taxonomy":"category","embeddable":true,"href":"https:\/\/archivio.cercoiltuovolto.it\/index.php?rest_route=%2Fwp%2Fv2%2Fcategories&post=404"},{"taxonomy":"post_tag","embeddable":true,"href":"https:\/\/archivio.cercoiltuovolto.it\/index.php?rest_route=%2Fwp%2Fv2%2Ftags&post=404"}],"curies":[{"name":"wp","href":"https:\/\/api.w.org\/{rel}","templated":true}]}}