{"id":298,"date":"2008-05-14T01:00:00","date_gmt":"2008-05-14T00:00:00","guid":{"rendered":"http:\/\/1103482171"},"modified":"2026-07-01T18:43:18","modified_gmt":"2026-07-01T18:43:18","slug":"domenica-18-maggio-la-trinita-un-dio-bellissimo","status":"publish","type":"post","link":"https:\/\/archivio.cercoiltuovolto.it\/?p=298","title":{"rendered":"Domenica 18 maggio &#8211; La Trinit\u00e0, un Dio bellissimo"},"content":{"rendered":"<p>Questa \u00e8 una<br \/>\nrielaborazione <strong>audio\/video<\/strong> sulle letture della Messa di:<b><em> DOMENICA 18 MAGGIO 2008<\/em><\/b> a cura<br \/>\ndi <a href=\"http:\/\/www.bellanotizia.it\" target=\"_blank\">Antonio Di Lieto<\/a>.\u00a0  Il\u00a0titolo della Messa,\u00a0che unifica<br \/>\ntutte le letture, secondo me \u00e8: <span class=\"highlight\">La Trinit\u00e0, un Dio bellissimo !<\/span><\/p>\n<p><!--more--><\/p>\n<p align=\"center\"><a href=\"http:\/\/www.bellanotizia.it\" target=\"_blank\"><\/a><\/p>\n<\/p>\n<p>{audio}http:\/\/www.bellanotizia.it\/Materiali\/2008%20ANNO%20A\/29%20TRINITA%27%20undiobellissimo\/18_Mag_08_-_Un_dio_bellissimo_!_-.mp3{\/audio}<\/p>\n<p>{mgmediabot2}path=http:\/\/www.bellanotizia.it\/Materiali\/2008%20ANNO%20A\/29%20TRINITA%27%20undiobellissimo\/18_Mag_08_-_Un_dio_bellissimo_!_-.mp3|popup=true|popupcaption=Apri il file in una pop-up|width=300|height=50{\/mgmediabot2}<\/p>\n<\/p>\n<p style=\"margin: 0cm 0cm 0pt; text-align: justify\" align=\"justify\">\n<p><span class=\"highlight\">PRIMA LETTURA (dal libro<br \/>\ndell&#8217;Esodo 34,4b-6.8-9)<\/span><\/p>\n<div align=\"justify\">Gli ebrei avevano tradito il Signore:<br \/>\nadorando un vitello d&#8217;oro. Cos\u00ec Mos\u00e8 si alz\u00f2 di buon mattino e sal\u00ec sul monte<br \/>\nS\u00ecnai: portando due tavole di pietra, come Dio gli aveva ordinato. Il Signore<br \/>\nallora entr\u00f2 in una nuvola ed avvicinandosi a lui, dalla nube esclam\u00f2: \u201cIo sono<br \/>\nil tuo Signore: Dio buono e misericordioso. Poco propenso alla rabbia: sempre<br \/>\npronto ad amare e perdonare!\u201d. Subito Mos\u00e8 si inginocchi\u00f2. E disse: \u201cSignore,<br \/>\nnoi abbiamo ricevuto da te tanta grazia: ti prego, continua a camminare al<br \/>\nnostro fianco. S\u00ec \u00e8 vero, siamo un popolo dalla testa dura: ma il tuo amore \u00e8<br \/>\npi\u00f9 grande dei nostri peccati. Perdonaci. Noi vogliamo essere tua propriet\u00e0:<br \/>\nperch\u00e8 Tu sei UN DIO<br \/>\nBELLISSIMO!\u201d.<\/div>\n<p style=\"margin: 0cm 0cm 0pt; text-align: justify\" align=\"center\">\n<p style=\"margin: 0cm 0cm 0pt; text-align: justify\" align=\"center\"><span class=\"highlight\">SALMO RESPONSORIALE (dal libro del profeta Daniele<br \/>\n3,53-56)<\/span><\/p>\n<div align=\"justify\">Ti glorifichiamo e lodiamo sempre. Ti benediciamo<br \/>\nSignore, Dio dei nostri antenati. Ti benediciamo, perch\u00e9 sei pieno di gloria e<br \/>\nsantit\u00e0. Ti benediciamo nel Tuo tempio santo, pieno di splendore. Ti<br \/>\nbenediciamo, perch\u00e9 siedi sul trono dell\u2019universo. Ti benediciamo, perch\u00e9 guardi<br \/>\nle profondit\u00e0 del mare: seduto tra gli angeli del cielo. Ti benediciamo, perch\u00e9<br \/>\nabiti nel firmamento: sfavillante di stelle. Ti benediciamo e glorifichiamo,<br \/>\nSignore: perch\u00e9 sei UN DIO BELLISSIMO<br \/>\n!<\/div>\n<p style=\"margin: 0cm 0cm 0pt; text-align: justify\" align=\"center\">\n<p style=\"margin: 0cm 0cm 0pt; text-align: justify\" align=\"center\"><span class=\"highlight\">SECONDA LETTURA (dalla seconda lettera di Paolo ai<br \/>\ncristiani di Cor\u00ecnto 13,11-13)<\/span><\/p>\n<div align=\"justify\">Cos\u00ec Paolo conclude la sua<br \/>\nseconda lettera ai cristiani di Cor\u00ecnto: \u201cCarissimi fratelli, siate gioiosi<br \/>\nsempre! Tendete il pi\u00f9 possibile alla perfezione: andando d\u2019accordo e facendovi<br \/>\ncoraggio a vicenda. Vivete in pace gli uni gli altri: ed il Dio dell\u2019amore e<br \/>\ndella pace, sar\u00e0 sempre con voi. Quando vi incontrate abbracciatevi e salutatevi<br \/>\ncon amore. Con lo stesso affetto con cui io e tutti i credenti ora vi salutiamo:<br \/>\naugurandovi che la vicinanza di Dio Padre, la bont\u00e0 del Figlio e l\u2019amore dello<br \/>\nSpirito Santo, siano sempre con voi!\u201d. \u2026 Dio infatti \u00e8 amore: tre persone divine<br \/>\nche da sempre hanno una sola volont\u00e0, perch\u00e9 da sempre si amano in modo<br \/>\nstraordinario. Davvero UN DIO<br \/>\nBELLISSIMO!<\/div>\n<p style=\"margin: 0cm 0cm 0pt; text-align: justify\" align=\"center\">\n<p style=\"margin: 0cm 0cm 0pt; text-align: justify\" align=\"center\"><span class=\"highlight\">VANGELO (Giovanni 3,16-18)<\/span><\/p>\n<div align=\"justify\">In<br \/>\nquel tempo Ges\u00f9 disse a Nicod\u00e8mo: &#8220;Dio ha amato cos\u00ec tanto gli uomini, che ha<br \/>\nmandato sulla terra il Suo unico Figlio: perch\u00e9 chi si affida a Lui non si<br \/>\nperda, ma riceva la gioia eterna. Dio quindi ha mandato Suo Figlio non per<br \/>\ncondannare gli uomini: ma per salvarli. Chi si affida al Figlio infatti, non pu\u00f2<br \/>\nessere condannato dal Padre. Mentre chi rifiuta il Figlio, si \u00e8 gi\u00e0 condannato<br \/>\nda solo: perch\u00e9 ha rifiutato l\u2019unico Figlio di Dio!\u201d. \u2026 Tra Padre e Figlio e<br \/>\nSpirito Santo infatti, c&#8217;\u00e8 una unit\u00e0 straordinaria, una comunione perfetta, una<br \/>\nesplosione d&#8217;amore: davvero UN DIO<br \/>\nBELLISSIMO!<\/div>\n<p style=\"margin: 0cm 0cm 0pt; text-align: justify\" align=\"center\"><\/p>\n<p class=\"stickynote\">Devo precisare che, anche se la lettura di queste<br \/>\nbellenotizie aiuta a comprendere la prima parte della Messa\u00a0(Liturgia della<br \/>\nParola), non potr\u00e0 <strong>mai <\/strong>sostituire la seconda parte (Liturgia eucaristica), in<br \/>\ncui\u00a0ci viene data\u00a0\u00a0la possibilit\u00e0 si &#8220;abbracciare&#8221; veramente il<br \/>\nCorpo di Cristo.<br \/> Sul\u00a0sito <a href=\"http:\/\/www.bellanotizia.it\/\" target=\"_blank\" onclick=\"return top.js.OpenExtLink(window,event,this)\">http:\/\/www.bellanotizia.it<\/a> puoi<br \/>\nscaricare tante altre &#8220;bellenotizie&#8221;, anche in forma di registrazione-audio e<br \/>\npresentazione-video,\u00a0oltre a diversi miei articoli,<br \/>\nscritti,\u00a0corrispondenze-mail ed ipotesi innovative. <br \/> Se vuoi venire a dare un&#8217;occhiata al nostro &#8220;sabato di<br \/>\nbellanotizia&#8221; diviso in tre momenti (che si svolge a Catanzaro) troverai alcune<br \/>\ninformazioni su: http:\/\/www.bellanotizia.it<wbr \/>\/iniziativeacatanzaro.htm<\/p><\/p>\n","protected":false},"excerpt":{"rendered":"<p>Questa \u00e8 una rielaborazione audio\/video sulle letture della Messa di: DOMENICA 18 MAGGIO 2008 a cura di Antonio Di Lieto.\u00a0 Il\u00a0titolo della Messa,\u00a0che unifica tutte le letture, secondo me \u00e8: La Trinit\u00e0, un Dio bellissimo !<\/p>\n","protected":false},"author":3,"featured_media":0,"comment_status":"open","ping_status":"closed","sticky":false,"template":"","format":"standard","meta":{"_kad_post_transparent":"","_kad_post_title":"","_kad_post_layout":"","_kad_post_sidebar_id":"","_kad_post_content_style":"","_kad_post_vertical_padding":"","_kad_post_feature":"","_kad_post_feature_position":"","_kad_post_header":false,"_kad_post_footer":false,"_kad_post_classname":"","footnotes":""},"categories":[11,4],"tags":[],"class_list":["post-298","post","type-post","status-publish","format-standard","hentry","category-11","category-audio-cattolici"],"_links":{"self":[{"href":"https:\/\/archivio.cercoiltuovolto.it\/index.php?rest_route=\/wp\/v2\/posts\/298","targetHints":{"allow":["GET"]}}],"collection":[{"href":"https:\/\/archivio.cercoiltuovolto.it\/index.php?rest_route=\/wp\/v2\/posts"}],"about":[{"href":"https:\/\/archivio.cercoiltuovolto.it\/index.php?rest_route=\/wp\/v2\/types\/post"}],"author":[{"embeddable":true,"href":"https:\/\/archivio.cercoiltuovolto.it\/index.php?rest_route=\/wp\/v2\/users\/3"}],"replies":[{"embeddable":true,"href":"https:\/\/archivio.cercoiltuovolto.it\/index.php?rest_route=%2Fwp%2Fv2%2Fcomments&post=298"}],"version-history":[{"count":0,"href":"https:\/\/archivio.cercoiltuovolto.it\/index.php?rest_route=\/wp\/v2\/posts\/298\/revisions"}],"wp:attachment":[{"href":"https:\/\/archivio.cercoiltuovolto.it\/index.php?rest_route=%2Fwp%2Fv2%2Fmedia&parent=298"}],"wp:term":[{"taxonomy":"category","embeddable":true,"href":"https:\/\/archivio.cercoiltuovolto.it\/index.php?rest_route=%2Fwp%2Fv2%2Fcategories&post=298"},{"taxonomy":"post_tag","embeddable":true,"href":"https:\/\/archivio.cercoiltuovolto.it\/index.php?rest_route=%2Fwp%2Fv2%2Ftags&post=298"}],"curies":[{"name":"wp","href":"https:\/\/api.w.org\/{rel}","templated":true}]}}