{"id":235312,"date":"2013-12-26T12:30:20","date_gmt":"2013-12-26T12:30:20","guid":{"rendered":"https:\/\/archivio.cercoiltuovolto.it\/?p=235312"},"modified":"2013-12-26T12:30:20","modified_gmt":"2013-12-26T12:30:20","slug":"papa-francesco-angelus-domini-26-dicembre-2013","status":"publish","type":"post","link":"https:\/\/archivio.cercoiltuovolto.it\/?p=235312","title":{"rendered":"Papa Francesco &#8211; Angelus Domini 26 dicembre 2013"},"content":{"rendered":"<p>Nella festa di Santo Stefano, primo martire, Papa Francesco recita con i pellegrini la preghiera dell&#8217;Angelus. Prima e dopo della preghiera il Papa pronuncia una breve riflessione.<\/p>\n<p><i>Cari fratelli e sorelle buongiorno.<\/i><\/p>\n<p>Voi non avete paura della pioggia, siete bravi!<\/p>\n<p>La liturgia prolunga la Solennit\u00e0 del Natale per otto giorni: un tempo di gioia per tutto il popolo di Dio! E in questo\u00a0secondo giorno dell\u2019ottava, nella gioia del Natale si inserisce la festa di santo Stefano, il primo martire della Chiesa. Il libro degli\u00a0<i>Atti degli Apostoli<\/i>\u00a0ce lo presenta come \u00abuomo pieno di fede e di Spirito Santo\u00bb\u00a0(6,5), scelto con altri sei per il servizio delle vedove e dei poveri nella prima comunit\u00e0 di Gerusalemme. E ci racconta il suo martirio: quando, dopo un discorso di fuoco che suscit\u00f2 l\u2019ira dei membri del Sinedrio, fu trascinato fuori dalle mura della citt\u00e0 e lapidato. Stefano mor\u00ec come Ges\u00f9, chiedendo il perdono per i suoi uccisori (7,55-60).<\/p>\n<p>Nel clima gioioso del Natale, questa commemorazione potrebbe sembrare fuori luogo. Il Natale infatti \u00e8 la festa della vita e ci infonde sentimenti di serenit\u00e0 e di pace; perch\u00e9 turbarne l\u2019incanto col ricordo di una violenza cos\u00ec atroce? In realt\u00e0, nell\u2019ottica della fede, la festa di santo Stefano \u00e8 in piena sintonia col significato profondo del Natale. Nel martirio, infatti, la violenza \u00e8 vinta dall\u2019amore, la morte dalla vita. La Chiesa vede nel sacrificio dei martiri la loro \u201cnascita al cielo\u201d. Celebriamo dunque oggi il \u201cnatale\u201d di Stefano, che in profondit\u00e0 scaturisce dal Natale di Cristo. Ges\u00f9 trasforma la morte di quanti lo amano in aurora di vita nuova!<\/p>\n<p>Nel martirio di Stefano si riproduce lo stesso confronto tra il bene e il male, tra l\u2019odio e il perdono, tra la mitezza e la violenza, che ha avuto il suo culmine nella Croce di Cristo. La memoria del primo martire viene cos\u00ec, immediatamente, a dissolvere una falsa immagine del Natale: l\u2019immagine fiabesca e sdolcinata, che nel Vangelo non esiste! La liturgia ci riporta al senso autentico dell\u2019Incarnazione, collegando Betlemme al Calvario e ricordandoci che la salvezza divina implica la lotta al peccato, passa attraverso la porta stretta della Croce. Questa \u00e8 la strada che Ges\u00f9 ha indicato chiaramente ai suoi discepoli, come attesta il Vangelo di oggi: \u00abSarete odiati da tutti a causa del mio nome. Ma chi avr\u00e0 perseverato fino alla fine sar\u00e0 salvato\u00bb (<i>Mt<\/i>\u00a010,22).<\/p>\n<p>Perci\u00f2 oggi preghiamo in modo particolare per i cristiani che subiscono discriminazioni a causa della testimonianza resa a Cristo e al Vangelo. Siamo vicini a questi fratelli e sorelle che, come santo Stefano, vengono accusati ingiustamente e fatti oggetto di violenze di vario tipo. Sono sicuro che, purtroppo, sono pi\u00f9 numerosi oggi che nei primi tempi della Chiesa. Ce ne sono tanti! \u00a0Questo accade specialmente l\u00e0 dove la libert\u00e0 religiosa non \u00e8 ancora garantita o non \u00e8 pienamente realizzata. Accade per\u00f2 anche in Paesi e ambienti che sulla carta tutelano la libert\u00e0 e i diritti umani, ma dove di fatto i credenti, e specialmente i cristiani, incontrano limitazioni e discriminazioni. Io vorrei chiedervi di pregare per questi fratelli e sorelle un attimo in silenzio [\u2026] E li affidiamo alla Madonna<\/p>\n<p>(Ave Maria \u2026).<\/p>\n<p>Per il cristiano questo non fa meraviglia, perch\u00e9 Ges\u00f9 lo ha preannunciato come occasione propizia per rendere testimonianza. Tuttavia, sul piano civile, l\u2019ingiustizia va denunciata ed eliminata.<\/p>\n<p>Maria Regina dei Martiri ci aiuti a vivere il Natale con quell\u2019ardore di fede e di amore che rifulge in santo Stefano e in tutti i martiri della Chiesa.<\/p>\n<p><strong>Dopo l&#8217;Angelus:<\/strong><\/p>\n<p>Saluto le famiglie, i gruppi parrocchiali, le associazioni e i singoli fedeli provenienti da Roma, dall\u2019Italia e da ogni parte del mondo. La sosta di questi giorni presso il presepio per ammirare Maria e Giuseppe accanto al Bambino, possa suscitare in tutti un generoso impegno di amore vicendevole, affinch\u00e9 all\u2019interno delle famiglie e delle varie comunit\u00e0 si viva quel clima di intesa e di fraternit\u00e0 che tanto giova al bene comune.\u00a0\u00a0<\/p>\n<p>Buone feste natalizie e buon pranzo! Arrivederci!<\/p>\n<p>[powerpress]<\/p>\n","protected":false},"excerpt":{"rendered":"<p>Nella festa di Santo Stefano, primo martire, Papa Francesco recita con i pellegrini la preghiera dell&#8217;Angelus. Prima e dopo della preghiera il Papa pronuncia una breve riflessione. Cari fratelli e sorelle buongiorno. Voi non avete paura della pioggia, siete bravi! La liturgia prolunga la Solennit\u00e0 del Natale per otto giorni: un tempo di gioia per&#8230;<\/p>\n","protected":false},"author":3,"featured_media":0,"comment_status":"closed","ping_status":"closed","sticky":false,"template":"","format":"standard","meta":{"_kad_post_transparent":"","_kad_post_title":"","_kad_post_layout":"","_kad_post_sidebar_id":"","_kad_post_content_style":"","_kad_post_vertical_padding":"","_kad_post_feature":"","_kad_post_feature_position":"","_kad_post_header":false,"_kad_post_footer":false,"_kad_post_classname":"","footnotes":""},"categories":[103,114],"tags":[698,9],"class_list":["post-235312","post","type-post","status-publish","format-standard","hentry","category-103","category-angelus","tag-papa-francesco","tag-vaticano"],"_links":{"self":[{"href":"https:\/\/archivio.cercoiltuovolto.it\/index.php?rest_route=\/wp\/v2\/posts\/235312","targetHints":{"allow":["GET"]}}],"collection":[{"href":"https:\/\/archivio.cercoiltuovolto.it\/index.php?rest_route=\/wp\/v2\/posts"}],"about":[{"href":"https:\/\/archivio.cercoiltuovolto.it\/index.php?rest_route=\/wp\/v2\/types\/post"}],"author":[{"embeddable":true,"href":"https:\/\/archivio.cercoiltuovolto.it\/index.php?rest_route=\/wp\/v2\/users\/3"}],"replies":[{"embeddable":true,"href":"https:\/\/archivio.cercoiltuovolto.it\/index.php?rest_route=%2Fwp%2Fv2%2Fcomments&post=235312"}],"version-history":[{"count":0,"href":"https:\/\/archivio.cercoiltuovolto.it\/index.php?rest_route=\/wp\/v2\/posts\/235312\/revisions"}],"wp:attachment":[{"href":"https:\/\/archivio.cercoiltuovolto.it\/index.php?rest_route=%2Fwp%2Fv2%2Fmedia&parent=235312"}],"wp:term":[{"taxonomy":"category","embeddable":true,"href":"https:\/\/archivio.cercoiltuovolto.it\/index.php?rest_route=%2Fwp%2Fv2%2Fcategories&post=235312"},{"taxonomy":"post_tag","embeddable":true,"href":"https:\/\/archivio.cercoiltuovolto.it\/index.php?rest_route=%2Fwp%2Fv2%2Ftags&post=235312"}],"curies":[{"name":"wp","href":"https:\/\/api.w.org\/{rel}","templated":true}]}}