{"id":235309,"date":"2013-12-23T22:06:39","date_gmt":"2013-12-23T22:06:39","guid":{"rendered":"https:\/\/archivio.cercoiltuovolto.it\/?p=235309"},"modified":"2013-12-23T22:06:39","modified_gmt":"2013-12-23T22:06:39","slug":"mons-gianfranco-ravasi-le-frontiere-dello-spirito-del-22-dicembre-2013","status":"publish","type":"post","link":"https:\/\/archivio.cercoiltuovolto.it\/?p=235309","title":{"rendered":"mons. Gianfranco Ravasi &#8211; Le Frontiere dello Spirito del 22 dicembre 2013"},"content":{"rendered":"<div style=\"text-align: center;\"><img loading=\"lazy\" decoding=\"async\" class=\"alignleft size-medium wp-image-29540\" alt=\"frontiere-dello-spirito-2013-2014\" src=\"http:\/\/www.cercoiltuovolto.it\/wp-content\/uploads\/2013\/11\/frontiere-dello-spirito-2013-2014-470x252.jpg\" width=\"470\" height=\"252\" \/><\/div>\n<p style=\"text-align: justify;\">Nella<strong>\u00a0prima parte<\/strong>, il cardinale Ravasi commenta, con la consueta competenza e autorevolezza, la lettura del\u00a0<strong>Vangelo secondo Matteo<\/strong>.<\/p>\n<p>Tema della\u00a0<strong>seconda parte\u00a0<\/strong>del programma, curata da Maria Cecilia Sangiorgi, la<strong>dimensione spirituale come come antidoto alla disumanizzazione.<br \/><\/strong>Nell&#8217;attesa del Natale una &#8220;ricetta&#8221; per essere pi\u00f9 felici, suggerita da un convegno internazionale sulla spiritualit\u00e0, che si \u00e8 svolto nei mesi scorsi a Torino con rappresentati del monachesimo di oriente e di occidente. Un vademecum per una buona vita.<\/p>\n<p class=\"video-link\" style=\"text-align: justify;\"><a href=\"http:\/\/www.video.mediaset.it\/video\/frontiere_dello_spirito\/full\/429005\/puntata-del-22-dicembre.html\">Guarda il video sul sito Mediaset<\/a><\/p>\n","protected":false},"excerpt":{"rendered":"<p>Nella\u00a0prima parte, il cardinale Ravasi commenta, con la consueta competenza e autorevolezza, la lettura del\u00a0Vangelo secondo Matteo. Tema della\u00a0seconda parte\u00a0del programma, curata da Maria Cecilia Sangiorgi, ladimensione spirituale come come antidoto alla disumanizzazione.Nell&#8217;attesa del Natale una &#8220;ricetta&#8221; per essere pi\u00f9 felici, suggerita da un convegno internazionale sulla spiritualit\u00e0, che si \u00e8 svolto nei mesi scorsi&#8230;<\/p>\n","protected":false},"author":3,"featured_media":0,"comment_status":"closed","ping_status":"closed","sticky":false,"template":"","format":"standard","meta":{"_kad_post_transparent":"","_kad_post_title":"","_kad_post_layout":"","_kad_post_sidebar_id":"","_kad_post_content_style":"","_kad_post_vertical_padding":"","_kad_post_feature":"","_kad_post_feature_position":"","_kad_post_header":false,"_kad_post_footer":false,"_kad_post_classname":"","footnotes":""},"categories":[103,157],"tags":[24,629,113],"class_list":["post-235309","post","type-post","status-publish","format-standard","hentry","category-103","category-bibbia","tag-televisione","tag-vangelo-di-matteo","tag-video"],"_links":{"self":[{"href":"https:\/\/archivio.cercoiltuovolto.it\/index.php?rest_route=\/wp\/v2\/posts\/235309","targetHints":{"allow":["GET"]}}],"collection":[{"href":"https:\/\/archivio.cercoiltuovolto.it\/index.php?rest_route=\/wp\/v2\/posts"}],"about":[{"href":"https:\/\/archivio.cercoiltuovolto.it\/index.php?rest_route=\/wp\/v2\/types\/post"}],"author":[{"embeddable":true,"href":"https:\/\/archivio.cercoiltuovolto.it\/index.php?rest_route=\/wp\/v2\/users\/3"}],"replies":[{"embeddable":true,"href":"https:\/\/archivio.cercoiltuovolto.it\/index.php?rest_route=%2Fwp%2Fv2%2Fcomments&post=235309"}],"version-history":[{"count":0,"href":"https:\/\/archivio.cercoiltuovolto.it\/index.php?rest_route=\/wp\/v2\/posts\/235309\/revisions"}],"wp:attachment":[{"href":"https:\/\/archivio.cercoiltuovolto.it\/index.php?rest_route=%2Fwp%2Fv2%2Fmedia&parent=235309"}],"wp:term":[{"taxonomy":"category","embeddable":true,"href":"https:\/\/archivio.cercoiltuovolto.it\/index.php?rest_route=%2Fwp%2Fv2%2Fcategories&post=235309"},{"taxonomy":"post_tag","embeddable":true,"href":"https:\/\/archivio.cercoiltuovolto.it\/index.php?rest_route=%2Fwp%2Fv2%2Ftags&post=235309"}],"curies":[{"name":"wp","href":"https:\/\/api.w.org\/{rel}","templated":true}]}}