{"id":235304,"date":"2013-12-22T13:16:47","date_gmt":"2013-12-22T13:16:47","guid":{"rendered":"https:\/\/archivio.cercoiltuovolto.it\/?p=235304"},"modified":"2013-12-22T13:16:47","modified_gmt":"2013-12-22T13:16:47","slug":"papa-francesco-angelus-del-22-dicembre-2013-in-mp3-e-video","status":"publish","type":"post","link":"https:\/\/archivio.cercoiltuovolto.it\/?p=235304","title":{"rendered":"Papa Francesco &#8211; Angelus del 22 dicembre 2013 in mp3 e video"},"content":{"rendered":"<blockquote>\n<p><i>Cari fratelli e sorelle, buongiorno!<\/i><\/p>\n<p style=\"text-align: justify;\">In questa quarta domenica di Avvento, il Vangelo ci racconta i fatti che precedettero la nascita di Ges\u00f9, e l\u2019evangelista Matteo li presenta dal punto di vista di san Giuseppe, il promesso sposo della Vergine Maria.<\/p>\n<p style=\"text-align: justify;\">Giuseppe e Maria vivevano a Nazareth; non abitavano ancora insieme, perch\u00e9 il matrimonio non era ancora compiuto. In quel frattempo, Maria, dopo aver accolto l\u2019annuncio dell\u2019Angelo, divenne incinta per opera dello Spirito Santo. Quando Giuseppe si accorge di questo fatto, ne rimane sconcertato. Il Vangelo non spiega quali fossero i suoi pensieri, ma ci dice l\u2019essenziale: egli cerca di fare la volont\u00e0 di Dio ed \u00e8 pronto alla rinuncia pi\u00f9 radicale. Invece di difendersi e di far valere i propri diritti, Giuseppe sceglie una soluzione che per lui rappresenta un enorme sacrificio. E il Vangelo dice: \u00abPoich\u00e9 era uomo giusto e non voleva accusarla pubblicamente, pens\u00f2 di ripudiarla in segreto\u00bb (1,19).<\/p>\n<p style=\"text-align: justify;\">Questa breve frase riassume un vero e proprio dramma interiore, se pensiamo all\u2019amore che Giuseppe aveva per Maria! Ma anche in una tale circostanza, Giuseppe intende fare la volont\u00e0 di Dio e decide, sicuramente con gran dolore, di congedare Maria in segreto. Bisogna meditare su queste parole, per capire quale sia stata la prova che Giuseppe ha dovuto sostenere nei giorni che hanno preceduto la nascita di Ges\u00f9. Una prova simile a quella del sacrificio di Abramo, quando Dio gli chiese il figlio Isacco (cfr \u00a0<i>Gen<\/i>\u00a022): rinunciare alla cosa pi\u00f9 preziosa, alla persona pi\u00f9 amata.<\/p>\n<p style=\"text-align: justify;\">Ma, come nel caso di Abramo, il Signore interviene: ha trovato la fede che cercava e apre una via diversa, una via di amore e di felicit\u00e0: \u00abGiuseppe \u2013 gli dice \u2013 non temere di prendere con te Maria, tua sposa. Infatti il bambino che \u00e8 generato in lei viene dallo Spirito Santo\u00bb (<i>Mt<\/i>\u00a01,20).<\/p>\n<p style=\"text-align: justify;\">Questo Vangelo ci mostra tutta la grandezza d\u2019animo di san Giuseppe. Egli stava seguendo un buon progetto di vita, ma Dio riservava per lui un altro disegno, una missione pi\u00f9 grande. Giuseppe era un uomo che dava sempre ascolto alla voce di Dio, profondamente sensibile al suo segreto volere, un uomo attento ai messaggi che gli giungevano dal profondo del cuore e dall\u2019alto. Non si \u00e8 ostinato a perseguire quel suo progetto di vita, non ha permesso che il rancore gli avvelenasse l\u2019animo, ma \u00e8 stato pronto a mettersi a disposizione della novit\u00e0 che, in modo sconcertante, gli veniva presentata. E\u2019 cos\u00ec, era un uomo buono. Non odiava, e non ha permesso che il rancore gli avvelenasse l\u2019animo. Ma quante volte a noi l\u2019odio, l\u2019antipatia pure, il rancore ci avvelenano l\u2019anima! E questo fa male. Non permetterlo mai: lui \u00e8 un esempio di questo. E cos\u00ec, Giuseppe \u00e8 diventato ancora pi\u00f9 libero e grande. Accettandosi secondo il disegno del Signore, Giuseppe trova pienamente se stesso, al di l\u00e0 di s\u00e9. Questa sua libert\u00e0 di rinunciare a ci\u00f2 che \u00e8 suo, al possesso sulla propria esistenza, e questa sua piena disponibilit\u00e0 interiore alla volont\u00e0 di Dio, ci interpellano e ci mostrano la via.<\/p>\n<p style=\"text-align: justify;\">Ci disponiamo allora a celebrare il Natale contemplando Maria e Giuseppe: Maria, la donna piena di grazia che ha avuto il coraggio di affidarsi totalmente alla Parola di Dio; Giuseppe, l\u2019uomo fedele e giusto che ha preferito credere al Signore invece di ascoltare le voci del dubbio e dell\u2019orgoglio umano. Con loro, camminiamo insieme verso Betlemme.<\/p>\n<p style=\"text-align: justify;\"><strong>Dopo l&#8217;Angelus:<\/strong><\/p>\n<p style=\"text-align: justify;\">Leggo l\u00ec, scritto grande: \u201cI poveri non possono aspettare\u201d. E\u2019 bello! E questo mi fa pensare che Ges\u00f9 \u00e8 nato in una stalla, non \u00e8 nato in una casa. Dopo \u00e8 dovuto fuggire, andare in Egitto per salvare la vita. Alla fine, \u00e8 tornato a casa sua, a Nazareth. E io penso oggi, anche leggendo quella scritta, a tante famiglie senza casa, sia perch\u00e9 mai l\u2019hanno avuta, sia perch\u00e9 l\u2019hanno persa per tanti motivi. Famiglia e casa vanno insieme. E\u2019 molto difficile portare avanti una famiglia senza abitare in una casa. In questi giorni di Natale, invito tutti \u2013 persone, entit\u00e0 sociali, autorit\u00e0 \u2013 a fare tutto il possibile perch\u00e9 ogni famiglia possa avere una casa.<\/p>\n<p style=\"text-align: justify;\">Saluto con affetto tutti voi, cari pellegrini provenienti da vari Paesi per partecipare a questo incontro di preghiera. Il mio pensiero va alle famiglie, ai gruppi parrocchiali, alle associazioni e ai singoli fedeli. In particolare, saluto la comunit\u00e0 del Pontificio Istituto Missioni Estere, la Banda musicale di San Giovanni Valdarno, i ragazzi della parrocchia San Francesco Nuovo in Rieti, e i partecipanti alla staffetta partita da Alessandria e giunta a Roma per testimoniare l\u2019impegno in favore della pace in Somalia.<\/p>\n<p style=\"text-align: justify;\">A quanti dall\u2019Italia si sono radunati oggi per manifestare il loro impegno sociale, auguro di dare un contributo costruttivo, respingendo le tentazioni dello scontro e della violenza, e seguendo sempre la via del dialogo, difendendo i diritti.<\/p>\n<p style=\"text-align: justify;\">Auguro a tutti una buona domenica e un Natale di speranza, di giustizia e di fraternit\u00e0. Buon pranzo e arrivederci!<\/p>\n<ul>\n<li><a href=\"http:\/\/www.vatican.va\/holy_father\/francesco\/angelus\/2013\/documents\/papa-francesco_angelus_20131222_it.html\">Fonte<\/a> <em>\u00a9 Copyright 2013 &#8211; Libreria Editrice Vaticana<\/em><\/li>\n<li><a href=\"http:\/\/www.youtube.com\/watch?v=tVGykd4ETEo\" target=\"_blank\"><em>Link al Video<\/em><\/a><\/li>\n<\/ul>\n<\/blockquote>\n<p><img loading=\"lazy\" decoding=\"async\" class=\"alignnone size-full wp-image-25340\" style=\"margin-bottom: -35px;\" title=\"ascolta-il-podcast\" alt=\"\" src=\"http:\/\/www.cercoiltuovolto.it\/wp-content\/uploads\/2012\/09\/ascolta-il-podcast.png\" width=\"277\" height=\"77\" \/><\/p>\n<div class=\"powerpressbox\">[powerpress]<\/div>\n<p style=\"text-align: justify;\"><strong>Fonte<\/strong>: Radio Vaticana via FeedRss<\/p>\n<p style=\"text-align: justify;\"><span style=\"font-size: xx-small;\"><em>(The content of this podcast is copyrighted by Vatican Radio which, according to its statute, is entrusted to manage and protect the sound recordings of the Roman Pontiff, ensuring that their pastoral character and intellectual property&#8217;s rights are protected when used by third parties. The content of this podcast is made available only for personal and private use and cannot be exploited for commercial purposes, without prior written authorization by Vatican Radio. For further information, please contact the International Relation Office at relint@vatiradio.va)<\/em><\/span><\/p>\n","protected":false},"excerpt":{"rendered":"<p>Cari fratelli e sorelle, buongiorno! In questa quarta domenica di Avvento, il Vangelo ci racconta i fatti che precedettero la nascita di Ges\u00f9, e l\u2019evangelista Matteo li presenta dal punto di vista di san Giuseppe, il promesso sposo della Vergine Maria. Giuseppe e Maria vivevano a Nazareth; non abitavano ancora insieme, perch\u00e9 il matrimonio non&#8230;<\/p>\n","protected":false},"author":3,"featured_media":0,"comment_status":"closed","ping_status":"closed","sticky":false,"template":"","format":"standard","meta":{"_kad_post_transparent":"","_kad_post_title":"","_kad_post_layout":"","_kad_post_sidebar_id":"","_kad_post_content_style":"","_kad_post_vertical_padding":"","_kad_post_feature":"","_kad_post_feature_position":"","_kad_post_header":false,"_kad_post_footer":false,"_kad_post_classname":"","footnotes":""},"categories":[103,114],"tags":[684,9],"class_list":["post-235304","post","type-post","status-publish","format-standard","hentry","category-103","category-angelus","tag-francesco","tag-vaticano"],"_links":{"self":[{"href":"https:\/\/archivio.cercoiltuovolto.it\/index.php?rest_route=\/wp\/v2\/posts\/235304","targetHints":{"allow":["GET"]}}],"collection":[{"href":"https:\/\/archivio.cercoiltuovolto.it\/index.php?rest_route=\/wp\/v2\/posts"}],"about":[{"href":"https:\/\/archivio.cercoiltuovolto.it\/index.php?rest_route=\/wp\/v2\/types\/post"}],"author":[{"embeddable":true,"href":"https:\/\/archivio.cercoiltuovolto.it\/index.php?rest_route=\/wp\/v2\/users\/3"}],"replies":[{"embeddable":true,"href":"https:\/\/archivio.cercoiltuovolto.it\/index.php?rest_route=%2Fwp%2Fv2%2Fcomments&post=235304"}],"version-history":[{"count":0,"href":"https:\/\/archivio.cercoiltuovolto.it\/index.php?rest_route=\/wp\/v2\/posts\/235304\/revisions"}],"wp:attachment":[{"href":"https:\/\/archivio.cercoiltuovolto.it\/index.php?rest_route=%2Fwp%2Fv2%2Fmedia&parent=235304"}],"wp:term":[{"taxonomy":"category","embeddable":true,"href":"https:\/\/archivio.cercoiltuovolto.it\/index.php?rest_route=%2Fwp%2Fv2%2Fcategories&post=235304"},{"taxonomy":"post_tag","embeddable":true,"href":"https:\/\/archivio.cercoiltuovolto.it\/index.php?rest_route=%2Fwp%2Fv2%2Ftags&post=235304"}],"curies":[{"name":"wp","href":"https:\/\/api.w.org\/{rel}","templated":true}]}}