{"id":235295,"date":"2013-12-20T06:59:07","date_gmt":"2013-12-20T06:59:07","guid":{"rendered":"https:\/\/archivio.cercoiltuovolto.it\/?p=235295"},"modified":"2013-12-20T06:59:07","modified_gmt":"2013-12-20T06:59:07","slug":"vita-che-rinasce-8-puntata-del-11-12-2013-il-divertimento-dei-giovani","status":"publish","type":"post","link":"https:\/\/archivio.cercoiltuovolto.it\/?p=235295","title":{"rendered":"Vita che rinasce: 8\u00b0 puntata del 11-12-2013, il divertimento dei giovani"},"content":{"rendered":"<p style=\"text-align: justify;\">Dopo le stagioni 2010-2012 con don Davide Banzato e Silvia Piasentini, ritorna il format #VitaCheRinasce che racconta storie di persone passate dalla morte alla vita. In studio ci sar\u00e0 l&#8217;approfondimento ospiti e il nuovo conduttore \u00e8 don Giacomo Pavanello insieme a Silvia Piasentini. Il format alla sua terza edizione \u00e9 stato scritto e ideato da Chiara Amirante.<br \/>DURATA 30 min SETTIMANALE<\/p>\n<p><strong>Tema della puntata: il divertimento dei giovani<\/strong><\/p>\n<p>CREDIT:<br \/>Prodotto da Nuovi Orizzonti e TelePace &#8211; Autori: Silvia Piasentini e Giacomo Pavanello &#8211; Conduttore: Giacomo Pavanello &#8211; Grafica Video: Emanuele Rainaldi, Francesco Candian, Francesca Moscetta, Nicol\u00f2 Mazzoleni &#8211; Servizi RVM: Emanuele Rainaldi<\/p>\n","protected":false},"excerpt":{"rendered":"<p>Dopo le stagioni 2010-2012 con don Davide Banzato e Silvia Piasentini, ritorna il format #VitaCheRinasce che racconta storie di persone passate dalla morte alla vita. In studio ci sar\u00e0 l&#8217;approfondimento ospiti e il nuovo conduttore \u00e8 don Giacomo Pavanello insieme a Silvia Piasentini. Il format alla sua terza edizione \u00e9 stato scritto e ideato da&#8230;<\/p>\n","protected":false},"author":3,"featured_media":0,"comment_status":"closed","ping_status":"closed","sticky":false,"template":"","format":"standard","meta":{"_kad_post_transparent":"","_kad_post_title":"","_kad_post_layout":"","_kad_post_sidebar_id":"","_kad_post_content_style":"","_kad_post_vertical_padding":"","_kad_post_feature":"","_kad_post_feature_position":"","_kad_post_header":false,"_kad_post_footer":false,"_kad_post_classname":"","footnotes":""},"categories":[103,748],"tags":[24,113],"class_list":["post-235295","post","type-post","status-publish","format-standard","hentry","category-103","category-ragazzi","tag-televisione","tag-video"],"_links":{"self":[{"href":"https:\/\/archivio.cercoiltuovolto.it\/index.php?rest_route=\/wp\/v2\/posts\/235295","targetHints":{"allow":["GET"]}}],"collection":[{"href":"https:\/\/archivio.cercoiltuovolto.it\/index.php?rest_route=\/wp\/v2\/posts"}],"about":[{"href":"https:\/\/archivio.cercoiltuovolto.it\/index.php?rest_route=\/wp\/v2\/types\/post"}],"author":[{"embeddable":true,"href":"https:\/\/archivio.cercoiltuovolto.it\/index.php?rest_route=\/wp\/v2\/users\/3"}],"replies":[{"embeddable":true,"href":"https:\/\/archivio.cercoiltuovolto.it\/index.php?rest_route=%2Fwp%2Fv2%2Fcomments&post=235295"}],"version-history":[{"count":0,"href":"https:\/\/archivio.cercoiltuovolto.it\/index.php?rest_route=\/wp\/v2\/posts\/235295\/revisions"}],"wp:attachment":[{"href":"https:\/\/archivio.cercoiltuovolto.it\/index.php?rest_route=%2Fwp%2Fv2%2Fmedia&parent=235295"}],"wp:term":[{"taxonomy":"category","embeddable":true,"href":"https:\/\/archivio.cercoiltuovolto.it\/index.php?rest_route=%2Fwp%2Fv2%2Fcategories&post=235295"},{"taxonomy":"post_tag","embeddable":true,"href":"https:\/\/archivio.cercoiltuovolto.it\/index.php?rest_route=%2Fwp%2Fv2%2Ftags&post=235295"}],"curies":[{"name":"wp","href":"https:\/\/api.w.org\/{rel}","templated":true}]}}