{"id":235290,"date":"2013-12-19T21:38:09","date_gmt":"2013-12-19T21:38:09","guid":{"rendered":"https:\/\/archivio.cercoiltuovolto.it\/?p=235290"},"modified":"2013-12-19T21:38:09","modified_gmt":"2013-12-19T21:38:09","slug":"papa-francesco-omelia-del-19-dicembre-2013-a-casa-santa-marta","status":"publish","type":"post","link":"https:\/\/archivio.cercoiltuovolto.it\/?p=235290","title":{"rendered":"Papa Francesco: Omelia del 19 dicembre 2013 a Casa Santa Marta"},"content":{"rendered":"<p style=\"text-align: justify;\">\u201cL\u2019umilt\u00e0 \u00e8 necessaria per la fecondit\u00e0\u201d. E\u2019 quanto sottolineato da Papa Francesco nella Messa di stamani alla Casa Santa Marta. Il Papa ha affermato che l\u2019intervento di Dio vince la sterilit\u00e0 della nostra vita e la rende feconda. Quindi, ha messo in guardia dall\u2019atteggiamento di superbia che ci rende sterili. Il servizio di\u00a0Alessandro Gisotti:<\/p>\n<p style=\"text-align: justify;\">[powerpress]<\/p>\n<p style=\"text-align: justify;\">Tante volte, nella Bibbia, troviamo donne sterili alle quali il Signore fa il dono della vita. Papa Francesco ha iniziato cos\u00ec la sua omelia commentando le Letture del giorno e in particolare il Vangelo odierno che narra di Elisabetta che da sterile che era ha avuto un figlio, Giovanni. \u201cDall\u2019impossibilit\u00e0 di dare vita \u2013 ha constatato il Papa \u2013 viene la vita\u201d. E questo, ha proseguito, \u00e8 anche \u201caccaduto non a donne sterili\u201d ma che \u201cnon avevano speranza di vita\u201d, come Noemi che alla fine ha avuto un nipote:<br \/>\u201cIl Signore interviene nella vita di queste donne per dirci: \u2018Io sono capace di dare vita\u2019. Anche nei Profeti c\u2019\u00e8 l\u2019immagine del deserto, la terra deserta incapace di far crescere un albero, un frutto, di far germogliare qualcosa. \u2018Ma il deserto sar\u00e0 come una foresta &#8211; dicono i Profeti &#8211; sar\u00e0 grande, fiorir\u00e0\u2019. Ma il deserto pu\u00f2 fiorire? S\u00ec. La donna sterile pu\u00f2 dare vita? S\u00ec. Quella promessa del Signore: Io posso! Io posso dalla secchezza, dalla secchezza vostra, far crescere la vita, la salvezza! Io posso dall\u2019aridit\u00e0 far crescere i frutti!\u201d<br \/>E la salvezza, ha affermato Papa Francesco, \u00e8 questo: \u201cL\u2019intervento di Dio che ci fa fecondi, che ci d\u00e0 la capacit\u00e0 di dare vita\u201d. Noi, ha ammonito, \u201cnon possiamo\u201d farlo \u201cda noi soli\u201d. Eppure, ha rilevato, \u201ctanti hanno fatto la prova di pensare alla nostra capacit\u00e0 di salvarci\u201d:<br \/>\u201cAnche i cristiani, eh! Pensiamo ai pelagiani, per esempio. Tutto \u00e8 grazia. E\u2019 l\u2019intervento di Dio che ci porta la salvezza. E\u2019 l\u2019intervento di Dio che ci aiuta nel cammino della santit\u00e0. Soltanto Lui pu\u00f2. Ma da parte nostra cosa facciamo? Primo: riconoscere la nostra secchezza, la nostra incapacit\u00e0 di dare vita. Riconoscere questo. Secondo, chiedere: \u2018Signore, io voglio essere fecondo. Io voglio che la mia vita dia vita, che la mia fede sia feconda e vada avanti e possa darla agli altri\u2019. \u2018Signore, io sono sterile, io non posso, Tu puoi. Io sono un deserto: io non posso, Tu puoi\u2019\u201d.<br \/>E questa, ha soggiunto, pu\u00f2 essere proprio la preghiera di questi giorni, prima del Natale. \u201cPensiamo \u2013 ha poi osservato &#8211; a come i superbi, quelli che credono che possono fare tutto da s\u00e9, sono colpiti\u201d. Il Papa ha rivolto il pensiero a Micol, figlia di Saul. Una donna, ha rammentato, \u201cche non era sterile, ma era superba, e non capiva cosa fosse lodare Dio\u201d, anzi \u201crideva della lode\u201d. Ed \u201c\u00e8 stata punita con la sterilit\u00e0\u201d:<br \/>\u201cL\u2019umilt\u00e0 \u00e8 necessaria per la fecondit\u00e0. Quante persone credono di essere giuste, come quella, e alla fine sono poveracce. L\u2019umilt\u00e0 di dire al Signore: \u2018Signore, sono sterile, sono un deserto\u2019 e ripetere in questi giorni quelle belle antifone che la Chiesa ci fa pregare: \u2018O figlio di David, o Adonai, o Sapienza \u2013 oggi \u2013 o radice di Jesse, o Emmanuel, vieni a darci vita, vieni a salvarci, perch\u00e9 Tu solo puoi, io solo non posso!\u2019 E con questa umilt\u00e0, l\u2019umilt\u00e0 del deserto, l\u2019umilt\u00e0 di anima sterile, ricevere la grazia, la grazia di fiorire, di dare frutto e di dare vita\u201d.<\/p>\n<p style=\"text-align: justify;\"><a href=\"http:\/\/www.news.va\/it\/news\/papa-francesco-lumilta-ci-rende-fecondi-la-superbi\" target=\"_blank\">Fonte<\/a><\/p>\n","protected":false},"excerpt":{"rendered":"<p>\u201cL\u2019umilt\u00e0 \u00e8 necessaria per la fecondit\u00e0\u201d. E\u2019 quanto sottolineato da Papa Francesco nella Messa di stamani alla Casa Santa Marta. Il Papa ha affermato che l\u2019intervento di Dio vince la sterilit\u00e0 della nostra vita e la rende feconda. Quindi, ha messo in guardia dall\u2019atteggiamento di superbia che ci rende sterili. Il servizio di\u00a0Alessandro Gisotti: [powerpress]&#8230;<\/p>\n","protected":false},"author":3,"featured_media":0,"comment_status":"closed","ping_status":"closed","sticky":false,"template":"","format":"standard","meta":{"_kad_post_transparent":"","_kad_post_title":"","_kad_post_layout":"","_kad_post_sidebar_id":"","_kad_post_content_style":"","_kad_post_vertical_padding":"","_kad_post_feature":"","_kad_post_feature_position":"","_kad_post_header":false,"_kad_post_footer":false,"_kad_post_classname":"","footnotes":""},"categories":[103,4],"tags":[501,698,9],"class_list":["post-235290","post","type-post","status-publish","format-standard","hentry","category-103","category-audio-cattolici","tag-omelia","tag-papa-francesco","tag-vaticano"],"_links":{"self":[{"href":"https:\/\/archivio.cercoiltuovolto.it\/index.php?rest_route=\/wp\/v2\/posts\/235290","targetHints":{"allow":["GET"]}}],"collection":[{"href":"https:\/\/archivio.cercoiltuovolto.it\/index.php?rest_route=\/wp\/v2\/posts"}],"about":[{"href":"https:\/\/archivio.cercoiltuovolto.it\/index.php?rest_route=\/wp\/v2\/types\/post"}],"author":[{"embeddable":true,"href":"https:\/\/archivio.cercoiltuovolto.it\/index.php?rest_route=\/wp\/v2\/users\/3"}],"replies":[{"embeddable":true,"href":"https:\/\/archivio.cercoiltuovolto.it\/index.php?rest_route=%2Fwp%2Fv2%2Fcomments&post=235290"}],"version-history":[{"count":0,"href":"https:\/\/archivio.cercoiltuovolto.it\/index.php?rest_route=\/wp\/v2\/posts\/235290\/revisions"}],"wp:attachment":[{"href":"https:\/\/archivio.cercoiltuovolto.it\/index.php?rest_route=%2Fwp%2Fv2%2Fmedia&parent=235290"}],"wp:term":[{"taxonomy":"category","embeddable":true,"href":"https:\/\/archivio.cercoiltuovolto.it\/index.php?rest_route=%2Fwp%2Fv2%2Fcategories&post=235290"},{"taxonomy":"post_tag","embeddable":true,"href":"https:\/\/archivio.cercoiltuovolto.it\/index.php?rest_route=%2Fwp%2Fv2%2Ftags&post=235290"}],"curies":[{"name":"wp","href":"https:\/\/api.w.org\/{rel}","templated":true}]}}