{"id":235277,"date":"2013-12-17T09:30:33","date_gmt":"2013-12-17T09:30:33","guid":{"rendered":"https:\/\/archivio.cercoiltuovolto.it\/?p=235277"},"modified":"2013-12-17T09:30:33","modified_gmt":"2013-12-17T09:30:33","slug":"ritiro-di-natale-a-bose-gesu-luomo-che-ha-narrato-dio","status":"publish","type":"post","link":"https:\/\/archivio.cercoiltuovolto.it\/?p=235277","title":{"rendered":"Ritiro di Natale a Bose: Ges\u00f9, l\u2019uomo che ha narrato Dio"},"content":{"rendered":"<p style=\"text-align: justify;\"><img loading=\"lazy\" decoding=\"async\" class=\"alignleft size-medium wp-image-31171\" alt=\"Ges\u00f9, l\u2019uomo che ha narrato Dio\" src=\"http:\/\/www.cercoiltuovolto.it\/wp-content\/uploads\/2013\/12\/Ges\u00f9-l\u2019uomo-che-ha-narrato-Dio-302x300.jpg\" width=\"302\" height=\"300\" \/>Con l\u2019incarnazione\u00a0<b>Dio ci ha raggiunti nella nostra umanit\u00e0<\/b>; \u00e8 nello spazio umano che noi possiamo incontrare e raccontare Dio, cos\u00ec come lo ha fatto l\u2019uomo Ges\u00f9 di Nazareth. La narrazione che Ges\u00f9 fa ci dice chi \u00e8 Dio e ci insegna anche come raggiungere e conoscere Dio, per liberare Dio di tutte le immagini che noi proiettiamo su di lui.<\/p>\n<p style=\"text-align: justify;\"><b>Il racconto instaura una relazione<\/b>, \u00e8 un atto che esprime e trasmette amore, crea comunione, valorizza la persona, va incontro al suo bisogno di riconoscimento.<\/p>\n<p style=\"text-align: justify;\"><b>Leggere i vangeli \u00e8 un\u2019avventura di umanit\u00e0<\/b>; essi ci conducono a vedere come la storia di Ges\u00f9 pu\u00f2 dare senso alle nostre storie, la sua vita alle nostre vite. Se il Dio biblico non \u00e8 definibile, tuttavia pu\u00f2 essere raccontato e\u00a0<b>questo \u00e8 il nostro compito: ridire Dio nel nostro ogg<\/b>i, quel Dio che ci \u00e8 stato svelato appieno nella vicenda di Ges\u00f9.<\/p>\n<p style=\"text-align: justify;\"><i>In questo doppio CD \u00e8 inciso il ritiro di Natale predicato da fr. Luciano Manicardi a Bose il 15 dicembre 2013.<\/i><\/p>\n<p style=\"text-align: center;\">[button color=&#8221;orange&#8221; size=&#8221;big&#8221; link=&#8221;http:\/\/www.monasterodibose.it\/component\/page,shop.product_details\/flypage,flypage.tpl\/product_id,1154\/option,com_virtuemart\/Itemid,75\/lang,it\/&#8221; target=&#8221;blank&#8221; ]Acquista il doppio cd[\/button]<\/p>\n","protected":false},"excerpt":{"rendered":"<p>Con l\u2019incarnazione\u00a0Dio ci ha raggiunti nella nostra umanit\u00e0; \u00e8 nello spazio umano che noi possiamo incontrare e raccontare Dio, cos\u00ec come lo ha fatto l\u2019uomo Ges\u00f9 di Nazareth. La narrazione che Ges\u00f9 fa ci dice chi \u00e8 Dio e ci insegna anche come raggiungere e conoscere Dio, per liberare Dio di tutte le immagini che&#8230;<\/p>\n","protected":false},"author":3,"featured_media":0,"comment_status":"closed","ping_status":"closed","sticky":false,"template":"","format":"standard","meta":{"_kad_post_transparent":"","_kad_post_title":"","_kad_post_layout":"","_kad_post_sidebar_id":"","_kad_post_content_style":"","_kad_post_vertical_padding":"","_kad_post_feature":"","_kad_post_feature_position":"","_kad_post_header":false,"_kad_post_footer":false,"_kad_post_classname":"","footnotes":""},"categories":[103,4],"tags":[37,141],"class_list":["post-235277","post","type-post","status-publish","format-standard","hentry","category-103","category-audio-cattolici","tag-gesu","tag-tempo-di-natale"],"_links":{"self":[{"href":"https:\/\/archivio.cercoiltuovolto.it\/index.php?rest_route=\/wp\/v2\/posts\/235277","targetHints":{"allow":["GET"]}}],"collection":[{"href":"https:\/\/archivio.cercoiltuovolto.it\/index.php?rest_route=\/wp\/v2\/posts"}],"about":[{"href":"https:\/\/archivio.cercoiltuovolto.it\/index.php?rest_route=\/wp\/v2\/types\/post"}],"author":[{"embeddable":true,"href":"https:\/\/archivio.cercoiltuovolto.it\/index.php?rest_route=\/wp\/v2\/users\/3"}],"replies":[{"embeddable":true,"href":"https:\/\/archivio.cercoiltuovolto.it\/index.php?rest_route=%2Fwp%2Fv2%2Fcomments&post=235277"}],"version-history":[{"count":0,"href":"https:\/\/archivio.cercoiltuovolto.it\/index.php?rest_route=\/wp\/v2\/posts\/235277\/revisions"}],"wp:attachment":[{"href":"https:\/\/archivio.cercoiltuovolto.it\/index.php?rest_route=%2Fwp%2Fv2%2Fmedia&parent=235277"}],"wp:term":[{"taxonomy":"category","embeddable":true,"href":"https:\/\/archivio.cercoiltuovolto.it\/index.php?rest_route=%2Fwp%2Fv2%2Fcategories&post=235277"},{"taxonomy":"post_tag","embeddable":true,"href":"https:\/\/archivio.cercoiltuovolto.it\/index.php?rest_route=%2Fwp%2Fv2%2Ftags&post=235277"}],"curies":[{"name":"wp","href":"https:\/\/api.w.org\/{rel}","templated":true}]}}