{"id":235215,"date":"2013-12-05T21:46:44","date_gmt":"2013-12-05T21:46:44","guid":{"rendered":"https:\/\/archivio.cercoiltuovolto.it\/?p=235215"},"modified":"2013-12-05T21:46:44","modified_gmt":"2013-12-05T21:46:44","slug":"papa-francesco-omelia-del-5-dicembre-2013-a-casa-santa-marta","status":"publish","type":"post","link":"https:\/\/archivio.cercoiltuovolto.it\/?p=235215","title":{"rendered":"Papa Francesco: Omelia del 5 dicembre 2013 a Casa Santa Marta"},"content":{"rendered":"<p style=\"text-align: justify;\">Chi pronuncia parole cristiane senza Cristo, cio\u00e8 senza metterle in pratica, fa male a se stesso e agli altri, perch\u00e9 \u00e8 vinto dall\u2019orgoglio e causa divisione, anche nella Chiesa: \u00e8 questo, in sintesi, quanto ha affermato Papa Francesco, stamani, durante la Messa presieduta nella Cappella di Santa Marta. Il servizio di\u00a0Sergio Centofanti:<\/p>\n<p style=\"text-align: justify;\">[powerpress]<\/p>\n<p style=\"text-align: justify;\">Ascoltare e mettere in pratica la parola del Signore \u00e8 come costruire la casa sulla roccia. Papa Francesco spiega la parabola evangelica proposta dalla liturgia del giorno. Ges\u00f9 rimproverava i farisei di conoscere i comandamenti ma di non realizzarli nella loro vita: \u201csono parole buone\u201d, ma se non sono messe in pratica \u201cnon solo non servono, ma fanno male: ci ingannano, ci fanno credere che noi abbiamo una bella casa, ma senza fondamenta\u201d. Una casa che non \u00e8 costruita sulla roccia:<br \/>\u201cQuesta figura della roccia si riferisce al Signore. Isaia, nella Prima Lettura, lo dice: \u2018Confidate nel Signore sempre, perch\u00e9 il Signore \u00e8 una roccia eterna!\u2019. La roccia \u00e8 Ges\u00f9 Cristo! La roccia \u00e8 il Signore! Una parola \u00e8 forte, d\u00e0 vita, pu\u00f2 andare avanti, pu\u00f2 tollerare tutti gli attacchi, se questa parola ha le sue radici in Ges\u00f9 Cristo. Una parola cristiana che non ha le sue radici vitali, nella vita di una persona, in Ges\u00f9 Cristo, \u00e8 una parola cristiana senza Cristo! E le parole cristiane senza Cristo ingannano, fanno male! Uno scrittore inglese, una volta, parlando delle eresie diceva che un\u2019eresia \u00e8 una verit\u00e0, una parola, una verit\u00e0, che \u00e8 diventata pazza. Quando le parole cristiane sono senza Cristo incominciano ad andare sul cammino della pazzia\u201d.<br \/>E una pazzia \u2013 spiega il Papa &#8211; che fa diventare superbi:<br \/>\u201cUna parola cristiana senza Cristo ti porta alla vanit\u00e0, alla sicurezza di te stesso, all\u2019orgoglio, al potere per il potere. E il Signore abbatte queste persone. Questa \u00e8 una costante nella storia della Salvezza. Lo dice Anna, la mamma di Samuele; lo dice Maria nel Magnificat: il Signore abbatte la vanit\u00e0, l\u2019orgoglio di quelle persone che si credono di essere roccia. Queste persone che soltanto vanno dietro una parola, ma senza Ges\u00f9 Cristo: una parola cristiana pure, ma senza Ges\u00f9 Cristo, senza il rapporto con Ges\u00f9 Cristo, senza la preghiera con Ges\u00f9 Cristo, senza il servizio a Ges\u00f9 Cristo, senza l\u2019amore a Ges\u00f9 Cristo. Questo \u00e8 quello che il Signore oggi ci dice: di costruire la nostra vita su questa roccia e la roccia \u00e8 Lui\u201d.<\/p>\n<p>\u201cCi far\u00e0 bene fare un esame di coscienza \u2013 afferma il Papa &#8211; per capire \u201ccome sono le nostre parole\u201d, se sono parole \u201cche credono di essere potenti\u201d, capaci \u201cdi darci la salvezza\u201d, o se \u201csono parole con Ges\u00f9 Cristo\u201d:<br \/>\u201cMi riferisco alle parole cristiane, perch\u00e9 quando non c\u2019\u00e8 Ges\u00f9 Cristo anche questo ci divide fra di noi, fa la divisione nella Chiesa. Chiedere al Signore la grazia di aiutarci in questa umilt\u00e0, che dobbiamo avere sempre, di dire parole cristiane in Ges\u00f9 Cristo, non senza Ges\u00f9 Cristo. Con questa umilt\u00e0 di essere discepoli salvati e di andare avanti non con parole che, per credersi potenti, finiscono nella pazzia della vanit\u00e0, nella pazzia dell\u2019orgoglio. Che il Signore ci dia questa grazia dell\u2019umilt\u00e0 di dire parole con Ges\u00f9 Cristo, fondate su Ges\u00f9 Cristo!\u201d.<\/p>\n<p style=\"text-align: justify;\"><a href=\"http:\/\/www.news.va\/it\/news\/papa-francesco-ascoltare-e-non-mettere-in-pratica\" target=\"_blank\">Fonte<\/a><\/p>\n","protected":false},"excerpt":{"rendered":"<p>Chi pronuncia parole cristiane senza Cristo, cio\u00e8 senza metterle in pratica, fa male a se stesso e agli altri, perch\u00e9 \u00e8 vinto dall\u2019orgoglio e causa divisione, anche nella Chiesa: \u00e8 questo, in sintesi, quanto ha affermato Papa Francesco, stamani, durante la Messa presieduta nella Cappella di Santa Marta. Il servizio di\u00a0Sergio Centofanti: [powerpress] Ascoltare e&#8230;<\/p>\n","protected":false},"author":3,"featured_media":0,"comment_status":"closed","ping_status":"closed","sticky":false,"template":"","format":"standard","meta":{"_kad_post_transparent":"","_kad_post_title":"","_kad_post_layout":"","_kad_post_sidebar_id":"","_kad_post_content_style":"","_kad_post_vertical_padding":"","_kad_post_feature":"","_kad_post_feature_position":"","_kad_post_header":false,"_kad_post_footer":false,"_kad_post_classname":"","footnotes":""},"categories":[103,732],"tags":[698,726,9],"class_list":["post-235215","post","type-post","status-publish","format-standard","hentry","category-103","category-omelia","tag-papa-francesco","tag-santa-marta","tag-vaticano"],"_links":{"self":[{"href":"https:\/\/archivio.cercoiltuovolto.it\/index.php?rest_route=\/wp\/v2\/posts\/235215","targetHints":{"allow":["GET"]}}],"collection":[{"href":"https:\/\/archivio.cercoiltuovolto.it\/index.php?rest_route=\/wp\/v2\/posts"}],"about":[{"href":"https:\/\/archivio.cercoiltuovolto.it\/index.php?rest_route=\/wp\/v2\/types\/post"}],"author":[{"embeddable":true,"href":"https:\/\/archivio.cercoiltuovolto.it\/index.php?rest_route=\/wp\/v2\/users\/3"}],"replies":[{"embeddable":true,"href":"https:\/\/archivio.cercoiltuovolto.it\/index.php?rest_route=%2Fwp%2Fv2%2Fcomments&post=235215"}],"version-history":[{"count":0,"href":"https:\/\/archivio.cercoiltuovolto.it\/index.php?rest_route=\/wp\/v2\/posts\/235215\/revisions"}],"wp:attachment":[{"href":"https:\/\/archivio.cercoiltuovolto.it\/index.php?rest_route=%2Fwp%2Fv2%2Fmedia&parent=235215"}],"wp:term":[{"taxonomy":"category","embeddable":true,"href":"https:\/\/archivio.cercoiltuovolto.it\/index.php?rest_route=%2Fwp%2Fv2%2Fcategories&post=235215"},{"taxonomy":"post_tag","embeddable":true,"href":"https:\/\/archivio.cercoiltuovolto.it\/index.php?rest_route=%2Fwp%2Fv2%2Ftags&post=235215"}],"curies":[{"name":"wp","href":"https:\/\/api.w.org\/{rel}","templated":true}]}}