{"id":235192,"date":"2013-12-03T13:01:46","date_gmt":"2013-12-03T13:01:46","guid":{"rendered":"https:\/\/archivio.cercoiltuovolto.it\/?p=235192"},"modified":"2013-12-03T13:01:46","modified_gmt":"2013-12-03T13:01:46","slug":"papa-francesco-omelia-del-3-dicembre-2013-a-casa-santa-marta","status":"publish","type":"post","link":"https:\/\/archivio.cercoiltuovolto.it\/?p=235192","title":{"rendered":"Papa Francesco: Omelia del 3 dicembre 2013 a Casa Santa Marta"},"content":{"rendered":"<p style=\"text-align: justify;\">La Chiesa deve essere sempre gioiosa come Ges\u00f9. E\u2019 quanto affermato da Papa Francesco nella Messa di stamani alla Casa Santa Marta. Il Pontefice ha sottolineato che la Chiesa \u00e8 chiamata a trasmettere la gioia del Signore ai suoi figli, una gioia che dona la vera pace. Il servizio di Alessandro Gisotti:<\/p>\n<p style=\"text-align: justify;\">[powerpress]<\/p>\n<p style=\"text-align: justify;\">Pace e gioia. Papa Francesco ha svolto la sua omelia soffermandosi su questo binomio. Nella prima Lettura tratta dal Libro di Isaia, ha osservato, scorgiamo il desiderio di pace che tutti abbiamo. Una pace che, dice Isaia, ci porter\u00e0 il Messia. Nel Vangelo, invece, \u201cpossiamo intravedere un po\u2019 l\u2019anima di Ges\u00f9, il cuore di Ges\u00f9: un cuore gioioso\u201d:<br \/>\u201cNoi pensiamo sempre a Ges\u00f9 quando predicava, quando guariva, quando camminava, andava per le strade, anche durante l\u2019Ultima Cena\u2026 Ma non siamo tanto abituati a pensare a Ges\u00f9 sorridente, gioioso. Ges\u00f9 era pieno di gioia: pieno di gioia. In quella intimit\u00e0 con suo Padre: \u2018Esult\u00f2 di gioia nello Spirito Santo e lod\u00f2 il Padre\u2019. E\u2019 proprio il mistero interno di Ges\u00f9, quel rapporto con il Padre nello Spirito. E\u2019 la sua gioia interna, la sua gioia interiore che Lui d\u00e0 a noi\u201d.<br \/>\u201cE questa gioia \u2013 ha osservato \u2013 \u00e8 la vera pace: non \u00e8 una pace statica, quieta, tranquilla\u201d. No, \u201cla pace cristiana \u00e8 una pace gioiosa, perch\u00e9 il nostro Signore \u00e8 gioioso\u201d. E, anche, \u00e8 gioioso \u201cquando parla del Padre: ama tanto il Padre che non pu\u00f2 parlare del Padre senza gioia\u201d. Il nostro Dio, ha ribadito, \u201c\u00e8 gioioso\u201d. E Ges\u00f9 \u201cha voluto che la sua sposa, la Chiesa, anche lei fosse gioiosa\u201d:<br \/>\u201cNon si pu\u00f2 pensare una Chiesa senza gioia e la gioia della Chiesa \u00e8 proprio questo: annunciare il nome di Ges\u00f9. Dire: \u2018Lui \u00e8 il Signore. Il mio sposo \u00e8 il Signore. E\u2019 Dio. Lui ci salva, Lui cammina con noi\u2019. E quella \u00e8 la gioia della Chiesa, che in questa gioia di sposa diventa madre. Paolo VI diceva: la gioia della Chiesa \u00e8 proprio evangelizzare, andare avanti e parlare del suo Sposo. E anche trasmettere questa gioia ai figli che lei fa nascere, che lei fa crescere\u201d.<br \/>E cos\u00ec, ha soggiunto, contempliamo che la pace di cui ci parla Isaia \u201c\u00e8 una pace che si muove tanto, \u00e8 una pace di gioia, una pace di lode\u201d, una pace che possiamo dire \u201crumorosa, nella lode, una pace feconda nella maternit\u00e0 di nuovi figli\u201d. Una pace, ha detto ancora Papa Francesco, \u201cche viene proprio nella gioia della lode alla Trinit\u00e0 e della evangelizzazione, di andare ai popoli a dire chi \u00e8 Ges\u00f9\u201d. \u201cPace e gioia\u201d, ha ribadito. E ha messo l\u2019accento su quello che dice Ges\u00f9, \u201cuna dichiarazione dogmatica\u201d, quando afferma: \u201cTu hai deciso cos\u00ec, di rivelarti non ai sapienti ma ai piccoli\u201d:<br \/>\u201cAnche nelle cose tanto serie, come questa, Ges\u00f9 \u00e8 gioioso, la Chiesa \u00e8 gioiosa.\u00a0Deve\u00a0essere gioiosa. Anche nella sua vedovanza &#8211; perch\u00e9 la Chiesa ha una parte di vedova che aspetta il suo sposo che torni &#8211; anche nella sua vedovanza, la Chiesa \u00e8 gioiosa nella speranza. Il Signore ci dia a tutti noi questa gioia, questa gioia di Ges\u00f9, lodando il Padre nello Spirito. Questa gioia della nostra madre Chiesa nell\u2019evangelizzare, nell\u2019annunziare il suo Sposo\u201d.<\/p>\n<p style=\"text-align: justify;\"><a href=\"http:\/\/www.news.va\/it\/news\/il-papa-impensabile-una-chiesa-senza-gioia-annunci\" target=\"_blank\">Fonte<\/a><\/p>\n","protected":false},"excerpt":{"rendered":"<p>La Chiesa deve essere sempre gioiosa come Ges\u00f9. E\u2019 quanto affermato da Papa Francesco nella Messa di stamani alla Casa Santa Marta. Il Pontefice ha sottolineato che la Chiesa \u00e8 chiamata a trasmettere la gioia del Signore ai suoi figli, una gioia che dona la vera pace. Il servizio di Alessandro Gisotti: [powerpress] Pace e&#8230;<\/p>\n","protected":false},"author":3,"featured_media":0,"comment_status":"closed","ping_status":"closed","sticky":false,"template":"","format":"standard","meta":{"_kad_post_transparent":"","_kad_post_title":"","_kad_post_layout":"","_kad_post_sidebar_id":"","_kad_post_content_style":"","_kad_post_vertical_padding":"","_kad_post_feature":"","_kad_post_feature_position":"","_kad_post_header":false,"_kad_post_footer":false,"_kad_post_classname":"","footnotes":""},"categories":[103,732],"tags":[698,726,9],"class_list":["post-235192","post","type-post","status-publish","format-standard","hentry","category-103","category-omelia","tag-papa-francesco","tag-santa-marta","tag-vaticano"],"_links":{"self":[{"href":"https:\/\/archivio.cercoiltuovolto.it\/index.php?rest_route=\/wp\/v2\/posts\/235192","targetHints":{"allow":["GET"]}}],"collection":[{"href":"https:\/\/archivio.cercoiltuovolto.it\/index.php?rest_route=\/wp\/v2\/posts"}],"about":[{"href":"https:\/\/archivio.cercoiltuovolto.it\/index.php?rest_route=\/wp\/v2\/types\/post"}],"author":[{"embeddable":true,"href":"https:\/\/archivio.cercoiltuovolto.it\/index.php?rest_route=\/wp\/v2\/users\/3"}],"replies":[{"embeddable":true,"href":"https:\/\/archivio.cercoiltuovolto.it\/index.php?rest_route=%2Fwp%2Fv2%2Fcomments&post=235192"}],"version-history":[{"count":0,"href":"https:\/\/archivio.cercoiltuovolto.it\/index.php?rest_route=\/wp\/v2\/posts\/235192\/revisions"}],"wp:attachment":[{"href":"https:\/\/archivio.cercoiltuovolto.it\/index.php?rest_route=%2Fwp%2Fv2%2Fmedia&parent=235192"}],"wp:term":[{"taxonomy":"category","embeddable":true,"href":"https:\/\/archivio.cercoiltuovolto.it\/index.php?rest_route=%2Fwp%2Fv2%2Fcategories&post=235192"},{"taxonomy":"post_tag","embeddable":true,"href":"https:\/\/archivio.cercoiltuovolto.it\/index.php?rest_route=%2Fwp%2Fv2%2Ftags&post=235192"}],"curies":[{"name":"wp","href":"https:\/\/api.w.org\/{rel}","templated":true}]}}