{"id":235189,"date":"2013-12-03T06:00:34","date_gmt":"2013-12-03T06:00:34","guid":{"rendered":"https:\/\/archivio.cercoiltuovolto.it\/?p=235189"},"modified":"2013-12-03T06:00:34","modified_gmt":"2013-12-03T06:00:34","slug":"papa-francesco-vita-e-rivoluzione","status":"publish","type":"post","link":"https:\/\/archivio.cercoiltuovolto.it\/?p=235189","title":{"rendered":"(Papa) Francesco &#8211; Vita e rivoluzione"},"content":{"rendered":"<p style=\"text-align: justify;\"><a href=\"http:\/\/www.libreriadelsanto.it\/libri\/9788867082179\/francesco.html?p=sot\" target=\"_blank\"><img loading=\"lazy\" decoding=\"async\" class=\"alignleft size-full wp-image-30657\" alt=\"Francesco - Vita e rivoluzione\" src=\"http:\/\/www.cercoiltuovolto.it\/wp-content\/uploads\/2013\/12\/Francesco-Vita-e-rivoluzione.jpg\" width=\"183\" height=\"274\" \/><\/a>Con l\u2019arrivo del Papa che viene dalla fine del mondo, in Vaticano soffia un vento nuovo, che a molti appare rivoluzionario. L\u2019idea di una \u00abChiesa povera per i poveri\u00bb, ispirata alla figura di san Francesco d\u2019Assisi, suscita speranze e timori. L\u2019intenzione di papa Bergoglio di riformare la Curia e il modo d\u2019agire della Chiesa, in un ritorno alle origini che prevede regole nuove e drastici tagli, ha impensierito parecchi esponenti di primo piano del mondo ecclesiastico e nello stesso tempo ha restituito alla gente la fiducia in una istituzione colpita da gravi scandali e pesanti accuse di corruzione.<br \/>Muovendosi su un terreno che conosce molto bene, Elisabetta Piqu\u00e9 \u2013 una giornalista argentina che conosce personalmente Bergoglio fin da quando era arcivescovo di Buenos Aires \u2013 ci presenta il ritratto di un uomo di grande umilt\u00e0, gentile ma deciso, che ha pi\u00f9 volte messo in gioco la sua vita durante la dittatura militare in Argentina, che si muove con naturalezza ai vertici del potere, senza mai perdere il suo formidabile senso dell\u2019umorismo.<br \/>Raccogliendo centinaia di testimonianze, spesso inedite, di persone a lui vicine, l\u2019autrice delinea un affresco completo che per la prima volta abbraccia il passato, il presente e il futuro del Papa. Un pastore che ha scelto un nome che vale un programma e che vuole recuperare i valori essenziali del Vangelo: stare accanto alla gente, aprire un dialogo con tutti, anche con le altre religioni e con i non credenti, promuovere la pace, riformare la Chiesa adattandola alle esigenze del presente.\u00a0<br \/>Pubblicata contemporaneamente in Italia e in Argentina, questa biografia \u00e8 una lettura ineludibile per chiunque voglia comprendere davvero il senso di quello che sta accadendo.<\/p>\n<p><em>Chi \u00e8 davvero Francesco? Come sar\u00e0 la sua Chiesa?<br \/>Chi lo ostacola e chi lo appoggia?<br \/>Pubblicato in contemporanea in Argentina e in Italia questo libro offre tutte le risposte.<\/em><\/p>\n<p style=\"text-align: center;\">[button color=&#8221;red&#8221; size=&#8221;big&#8221; link=&#8221;http:\/\/www.libreriadelsanto.it\/libri\/9788867082179\/francesco.html?p=sot&#8221; target=&#8221;blank&#8221; ]Acquista il libro[\/button]<\/p>\n<h4 style=\"text-align: justify;\">L&#8217;AUTORE<\/h4>\n<p style=\"text-align: justify;\">Elisabetta Piqu\u00e9, laureata in Scienze Politiche e Relazioni Internazionali all\u2019Universit\u00e0 Cattolica Argentina, \u00e8 stata corrispondente di guerra dal Medio Oriente e dal 1999 \u00e8 corrispondente del quotidiano argentino \u00abLa Naci\u00f3n\u00bb per l\u2019Italia e il Vaticano. \u00c8 stata l\u2019unica giornalista ad anticipare l\u2019elezione a Papa di Jorge Bergoglio, checonosce e segue da quando \u00e8 stato creato cardinale nel 2001. Collabora con i canali in spagnolo della Cnn e di Deustche Welle.[divider]<\/p>\n<p style=\"text-align: justify;\">Sui tratti salienti del volume, ascoltiamo\u00a0<b>Elisabetta Piqu\u00e9<\/b>, intervistata da\u00a0<b>Alessandro Gisotti<\/b> per <a href=\"http:\/\/it.radiovaticana.va\/news\/2013\/11\/16\/francesco._vita_e_rivoluzione:_elisabetta_piqu%C3%A9_racconta_jorge\/it1-747102\" target=\"_blank\">Radio Vaticana<\/a><\/p>\n<p style=\"text-align: justify;\">[powerpress]<\/p>\n","protected":false},"excerpt":{"rendered":"<p>Con l\u2019arrivo del Papa che viene dalla fine del mondo, in Vaticano soffia un vento nuovo, che a molti appare rivoluzionario. L\u2019idea di una \u00abChiesa povera per i poveri\u00bb, ispirata alla figura di san Francesco d\u2019Assisi, suscita speranze e timori. L\u2019intenzione di papa Bergoglio di riformare la Curia e il modo d\u2019agire della Chiesa, in&#8230;<\/p>\n","protected":false},"author":3,"featured_media":0,"comment_status":"closed","ping_status":"closed","sticky":false,"template":"","format":"standard","meta":{"_kad_post_transparent":"","_kad_post_title":"","_kad_post_layout":"","_kad_post_sidebar_id":"","_kad_post_content_style":"","_kad_post_vertical_padding":"","_kad_post_feature":"","_kad_post_feature_position":"","_kad_post_header":false,"_kad_post_footer":false,"_kad_post_classname":"","footnotes":""},"categories":[103,149],"tags":[17,698],"class_list":["post-235189","post","type-post","status-publish","format-standard","hentry","category-103","category-interviste","tag-libri","tag-papa-francesco"],"_links":{"self":[{"href":"https:\/\/archivio.cercoiltuovolto.it\/index.php?rest_route=\/wp\/v2\/posts\/235189","targetHints":{"allow":["GET"]}}],"collection":[{"href":"https:\/\/archivio.cercoiltuovolto.it\/index.php?rest_route=\/wp\/v2\/posts"}],"about":[{"href":"https:\/\/archivio.cercoiltuovolto.it\/index.php?rest_route=\/wp\/v2\/types\/post"}],"author":[{"embeddable":true,"href":"https:\/\/archivio.cercoiltuovolto.it\/index.php?rest_route=\/wp\/v2\/users\/3"}],"replies":[{"embeddable":true,"href":"https:\/\/archivio.cercoiltuovolto.it\/index.php?rest_route=%2Fwp%2Fv2%2Fcomments&post=235189"}],"version-history":[{"count":0,"href":"https:\/\/archivio.cercoiltuovolto.it\/index.php?rest_route=\/wp\/v2\/posts\/235189\/revisions"}],"wp:attachment":[{"href":"https:\/\/archivio.cercoiltuovolto.it\/index.php?rest_route=%2Fwp%2Fv2%2Fmedia&parent=235189"}],"wp:term":[{"taxonomy":"category","embeddable":true,"href":"https:\/\/archivio.cercoiltuovolto.it\/index.php?rest_route=%2Fwp%2Fv2%2Fcategories&post=235189"},{"taxonomy":"post_tag","embeddable":true,"href":"https:\/\/archivio.cercoiltuovolto.it\/index.php?rest_route=%2Fwp%2Fv2%2Ftags&post=235189"}],"curies":[{"name":"wp","href":"https:\/\/api.w.org\/{rel}","templated":true}]}}