{"id":235188,"date":"2013-12-02T06:00:24","date_gmt":"2013-12-02T06:00:24","guid":{"rendered":"https:\/\/archivio.cercoiltuovolto.it\/?p=235188"},"modified":"2013-12-02T06:00:24","modified_gmt":"2013-12-02T06:00:24","slug":"custodire-la-parola-con-maria-di-nazaret","status":"publish","type":"post","link":"https:\/\/archivio.cercoiltuovolto.it\/?p=235188","title":{"rendered":"Custodire la Parola con Maria di Nazaret"},"content":{"rendered":"<p align=\"justify\"><a href=\"http:\/\/www.cercoiltuovolto.it\/wp-content\/uploads\/2013\/12\/Custodire-la-Parola-con-Maria-di-Nazaret.jpg\"><img loading=\"lazy\" decoding=\"async\" class=\"alignleft size-large wp-image-30653\" alt=\"Custodire la Parola con Maria di Nazaret\" src=\"http:\/\/www.cercoiltuovolto.it\/wp-content\/uploads\/2013\/12\/Custodire-la-Parola-con-Maria-di-Nazaret-213x450.jpg\" width=\"213\" height=\"450\" \/><\/a>L\u2019annuale ciclo di incontri di lectio divina offerto dall\u2019Istituto Teologico \u201cS. Antonio Dottore\u201d per l\u2019anno 2013-2014 sar\u00e0 intitolato:\u00a0\u00ab<strong>Custodire la Parola con Maria di Nazareth<\/strong>\u00bb.<\/p>\n<p align=\"justify\">\u00abNel cammino di fede, ognuno di noi incontra momenti di luce, ma incontra anche passaggi in cui Dio sembra assente, il suo silenzio pesa nel nostro cuore e la sua volont\u00e0 non corrisponde alla nostra, a quello che noi vorremmo. Ma quanto pi\u00f9 ci apriamo a Dio, accogliamo il dono della fede, poniamo totalmente in Lui la nostra fiducia \u2013 come Maria \u2013 tanto pi\u00f9 Egli ci rende capaci, con la sua presenza, di vivere ogni situazione della vita nella pace e nella certezza della sua fedelt\u00e0 e del suo amore. [\u2026] Maria entra in intimo dialogo con la Parola di Dio che le \u00e8 stata annunciata, non la considera superficialmente, ma si sofferma, la lascia penetrare nella sua mente e nel suo cuore per comprendere ci\u00f2 che il Signore vuole da lei. [\u2026] \u00c8 l\u2019umilt\u00e0 profonda della fede obbediente di Maria, che accoglie in s\u00e9 anche ci\u00f2 che non comprende dell\u2019agire di Dio, lasciando che sia Dio ad aprirle la mente e il cuore\u00bb. (Benedetto XVI, Catechesi del 19 dicembre 2012)<\/p>\n<p>Il percorso annuale di lectio divina proposto dai frati minori conventuali dell\u2019Istituto Teologico S. Antonio Dottore di Padova, dopo aver focalizzato nei due cicli precedenti i dinamismi e i contenuti della fede cristiana, nell\u2019anno 2013-2014 sar\u00e0 incentrato sulla figura di Maria di Nazaret, Madre del Signore e Madre della Chiesa.\u00a0<br \/>Sotto la guida di alcuni frati e docenti dell\u2019Istituto Teologico S. Antonio Dottore e nel confronto con l\u2019esperienza di altri fratelli e sorelle, verranno accostati e approfonditi i testi biblici che testimoniano la reale peregrinazione della fede di Maria, per imparare da lei \u2013 donna della lectio divina \u2013 a crescere e maturare nell\u2019ascolto e nella meditazione della Parola di Dio, affinch\u00e9 questa possa diventare alimento e prendere sempre pi\u00f9 corpo nella nostra vita di credenti.<\/p>\n<p>\u00abSanta Maria, donna del silenzio, ammettici alla tua scuola. Tienici lontani dalla fiera dei rumori entro cui rischiamo di stordirci. Preservaci dalla morbosa volutt\u00e0 di notizie che ci fa sordi alla \u201cbuona novella\u201d. Rendici operatori di quell\u2019ecologia acustica che ci restituisca il gusto della contemplazione pur nel vortice della metropoli. Persuadici che solo nel silenzio maturano le cose grandi della vita\u00bb. (T. Bello, Maria donna dei nostri giorni)<\/p>\n<p align=\"justify\">Coordinatore dell&#8217;iniziativa: \u00a0fr. Gilberto DEPEDER, ofmconv<\/p>\n<table width=\"425\" border=\"0\" cellspacing=\"8\" cellpadding=\"5\">\n<tbody>\n<tr>\n<td align=\"left\" valign=\"top\" width=\"16\">\n<div align=\"left\">1.<\/div>\n<\/td>\n<td align=\"left\" valign=\"top\" width=\"365\"><big><\/big>\u00a013 e 20 ottobre 2013 &#8211;\u00a0<br \/>\u00abFu la madre di tutti i viventi\u00bb (Gen 3,1-20).\u00a0<br \/>Donna della nuova alleanza.<br \/>p. Gilberto Depeder ofmconv<br \/><a href=\"http:\/\/www.itsad.it\/pdf\/lectio\/1314\/itsad_lectio_13-14_01_ottobre2013.pdf\" target=\"_blank\">pdf<\/a>\u00a0|\u00a0<a href=\"http:\/\/www.divshare.com\/direct\/24669154-9f7.mp3\" target=\"_blank\">mp3 introduzione generale<\/a>\u00a0|\u00a0mp3 lectio\u00a0|<\/td>\n<\/tr>\n<tr>\n<td align=\"left\" valign=\"top\">\n<div align=\"left\">2.<\/div>\n<\/td>\n<td align=\"left\" valign=\"top\"><big><\/big><big>10 e 17 novembre 2013 &#8211;\u00a0<\/big><br \/><big>\u00abEcco la serva del Signore\u00bb (Lc 1,26-38).\u00a0<br \/>Donna obbediente.<br \/>p. Antonio Ramina ofmconv<br \/><a href=\"http:\/\/www.itsad.it\/pdf\/lectio\/1314\/itsad_lectio_13-14_02_novembre2013.pdf\" target=\"_blank\">pdf<\/a>\u00a0|\u00a0<a href=\"http:\/\/www.divshare.com\/direct\/24788281-a24.mp3\" target=\"_blank\">mp3 lectio<\/a>\u00a0|<\/big><\/td>\n<\/tr>\n<\/tbody>\n<\/table>\n<p>[button color=&#8221;blue&#8221; size=&#8221;medium&#8221; link=&#8221;http:\/\/www.itsad.it\/it\/lectio.html&#8221; target=&#8221;blank&#8221; ]Fonte: Istituto Teologico S. Antonio Dottore[\/button]<\/p>\n","protected":false},"excerpt":{"rendered":"<p>L\u2019annuale ciclo di incontri di lectio divina offerto dall\u2019Istituto Teologico \u201cS. Antonio Dottore\u201d per l\u2019anno 2013-2014 sar\u00e0 intitolato:\u00a0\u00abCustodire la Parola con Maria di Nazareth\u00bb. \u00abNel cammino di fede, ognuno di noi incontra momenti di luce, ma incontra anche passaggi in cui Dio sembra assente, il suo silenzio pesa nel nostro cuore e la sua volont\u00e0&#8230;<\/p>\n","protected":false},"author":3,"featured_media":0,"comment_status":"closed","ping_status":"closed","sticky":false,"template":"","format":"standard","meta":{"_kad_post_transparent":"","_kad_post_title":"","_kad_post_layout":"","_kad_post_sidebar_id":"","_kad_post_content_style":"","_kad_post_vertical_padding":"","_kad_post_feature":"","_kad_post_feature_position":"","_kad_post_header":false,"_kad_post_footer":false,"_kad_post_classname":"","footnotes":""},"categories":[103,4],"tags":[117,212,195],"class_list":["post-235188","post","type-post","status-publish","format-standard","hentry","category-103","category-audio-cattolici","tag-incontri","tag-lectio-divina","tag-maria"],"_links":{"self":[{"href":"https:\/\/archivio.cercoiltuovolto.it\/index.php?rest_route=\/wp\/v2\/posts\/235188","targetHints":{"allow":["GET"]}}],"collection":[{"href":"https:\/\/archivio.cercoiltuovolto.it\/index.php?rest_route=\/wp\/v2\/posts"}],"about":[{"href":"https:\/\/archivio.cercoiltuovolto.it\/index.php?rest_route=\/wp\/v2\/types\/post"}],"author":[{"embeddable":true,"href":"https:\/\/archivio.cercoiltuovolto.it\/index.php?rest_route=\/wp\/v2\/users\/3"}],"replies":[{"embeddable":true,"href":"https:\/\/archivio.cercoiltuovolto.it\/index.php?rest_route=%2Fwp%2Fv2%2Fcomments&post=235188"}],"version-history":[{"count":0,"href":"https:\/\/archivio.cercoiltuovolto.it\/index.php?rest_route=\/wp\/v2\/posts\/235188\/revisions"}],"wp:attachment":[{"href":"https:\/\/archivio.cercoiltuovolto.it\/index.php?rest_route=%2Fwp%2Fv2%2Fmedia&parent=235188"}],"wp:term":[{"taxonomy":"category","embeddable":true,"href":"https:\/\/archivio.cercoiltuovolto.it\/index.php?rest_route=%2Fwp%2Fv2%2Fcategories&post=235188"},{"taxonomy":"post_tag","embeddable":true,"href":"https:\/\/archivio.cercoiltuovolto.it\/index.php?rest_route=%2Fwp%2Fv2%2Ftags&post=235188"}],"curies":[{"name":"wp","href":"https:\/\/api.w.org\/{rel}","templated":true}]}}