{"id":235168,"date":"2013-11-29T14:41:25","date_gmt":"2013-11-29T14:41:25","guid":{"rendered":"https:\/\/archivio.cercoiltuovolto.it\/?p=235168"},"modified":"2013-11-29T14:41:25","modified_gmt":"2013-11-29T14:41:25","slug":"attualizzazione-del-vangelo-1-dicembre-2013-a-cura-di-don-domenico-luciani-la-giornata-del-femminicidio","status":"publish","type":"post","link":"https:\/\/archivio.cercoiltuovolto.it\/?p=235168","title":{"rendered":"Attualizzazione del Vangelo &#8211; 1 Dicembre 2013 a cura di don Domenico Luciani &#8211; la giornata del femminicidio"},"content":{"rendered":"<p style=\"text-align: justify;\"><em><a href=\"http:\/\/www.cercoiltuovolto.it\/wp-content\/uploads\/2013\/11\/luciani-new.jpg\"><img loading=\"lazy\" decoding=\"async\" class=\"alignleft  wp-image-30565\" alt=\"luciani-new\" src=\"http:\/\/www.cercoiltuovolto.it\/wp-content\/uploads\/2013\/11\/luciani-new-470x258.jpg\" width=\"376\" height=\"206\" \/><\/a>Mt 24, 37-44<\/em><br \/><em>Dal Vangelo secondo\u00a0Matteo<\/em><\/p>\n<p>In quel tempo, Ges\u00f9 disse ai suoi discepoli:<br \/>\u00abCome furono i giorni di No\u00e8, cos\u00ec sar\u00e0 la venuta del Figlio dell&#8217;uomo. Infatti, come nei giorni che precedettero il diluvio mangiavano e bevevano, prendevano moglie e prendevano marito, fino al giorno in cui No\u00e8 entr\u00f2 nell&#8217;arca, e non si accorsero di nulla finch\u00e9 venne il diluvio e travolse tutti: cos\u00ec sar\u00e0 anche la venuta del Figlio dell&#8217;uomo. Allora due uomini saranno nel campo: uno verr\u00e0 portato via e l&#8217;altro lasciato. Due donne macineranno alla mola: una verr\u00e0 portata via e l&#8217;altra lasciata.<br \/>Vegliate dunque, perch\u00e9 non sapete in quale giorno il Signore vostro verr\u00e0. Cercate di capire questo: se il padrone di casa sapesse a quale ora della notte viene il ladro, veglierebbe e non si lascerebbe scassinare la casa. Perci\u00f2 anche voi tenetevi pronti perch\u00e9, nell&#8217;ora che non immaginate, viene il Figlio dell&#8217;uomo\u00bb.<\/p>\n<p>C: Parola del Signore.<br \/>A: Lode a Te o Cristo.<\/p>\n<blockquote>\n<p><em>&#8220;D&#8217;ora in avanti ci proponiamo di approfondire il nesso tra la vita quotidiana ed il Vangelo che leggiamo dentro il nostro tempo. Di settimana in settimana il tempo ci pone domande che interpellano la Scrittura e questa sara&#8217; in grado di illuminare la vita, di interpretarla; da questo incontro nasce la Parola di Dio viva. don Domenico&#8221;.<\/em><\/p>\n<\/blockquote>\n","protected":false},"excerpt":{"rendered":"<p>Mt 24, 37-44Dal Vangelo secondo\u00a0Matteo In quel tempo, Ges\u00f9 disse ai suoi discepoli:\u00abCome furono i giorni di No\u00e8, cos\u00ec sar\u00e0 la venuta del Figlio dell&#8217;uomo. Infatti, come nei giorni che precedettero il diluvio mangiavano e bevevano, prendevano moglie e prendevano marito, fino al giorno in cui No\u00e8 entr\u00f2 nell&#8217;arca, e non si accorsero di nulla&#8230;<\/p>\n","protected":false},"author":3,"featured_media":0,"comment_status":"closed","ping_status":"closed","sticky":false,"template":"","format":"standard","meta":{"_kad_post_transparent":"","_kad_post_title":"","_kad_post_layout":"","_kad_post_sidebar_id":"","_kad_post_content_style":"","_kad_post_vertical_padding":"","_kad_post_feature":"","_kad_post_feature_position":"","_kad_post_header":false,"_kad_post_footer":false,"_kad_post_classname":"","footnotes":""},"categories":[103,112],"tags":[5,80,113],"class_list":["post-235168","post","type-post","status-publish","format-standard","hentry","category-103","category-avvento","tag-commento-al-vangelo","tag-vangelo","tag-video"],"_links":{"self":[{"href":"https:\/\/archivio.cercoiltuovolto.it\/index.php?rest_route=\/wp\/v2\/posts\/235168","targetHints":{"allow":["GET"]}}],"collection":[{"href":"https:\/\/archivio.cercoiltuovolto.it\/index.php?rest_route=\/wp\/v2\/posts"}],"about":[{"href":"https:\/\/archivio.cercoiltuovolto.it\/index.php?rest_route=\/wp\/v2\/types\/post"}],"author":[{"embeddable":true,"href":"https:\/\/archivio.cercoiltuovolto.it\/index.php?rest_route=\/wp\/v2\/users\/3"}],"replies":[{"embeddable":true,"href":"https:\/\/archivio.cercoiltuovolto.it\/index.php?rest_route=%2Fwp%2Fv2%2Fcomments&post=235168"}],"version-history":[{"count":0,"href":"https:\/\/archivio.cercoiltuovolto.it\/index.php?rest_route=\/wp\/v2\/posts\/235168\/revisions"}],"wp:attachment":[{"href":"https:\/\/archivio.cercoiltuovolto.it\/index.php?rest_route=%2Fwp%2Fv2%2Fmedia&parent=235168"}],"wp:term":[{"taxonomy":"category","embeddable":true,"href":"https:\/\/archivio.cercoiltuovolto.it\/index.php?rest_route=%2Fwp%2Fv2%2Fcategories&post=235168"},{"taxonomy":"post_tag","embeddable":true,"href":"https:\/\/archivio.cercoiltuovolto.it\/index.php?rest_route=%2Fwp%2Fv2%2Ftags&post=235168"}],"curies":[{"name":"wp","href":"https:\/\/api.w.org\/{rel}","templated":true}]}}