{"id":235162,"date":"2013-11-28T06:36:15","date_gmt":"2013-11-28T06:36:15","guid":{"rendered":"https:\/\/archivio.cercoiltuovolto.it\/?p=235162"},"modified":"2013-11-28T06:36:15","modified_gmt":"2013-11-28T06:36:15","slug":"vangelo-giovane-confessarsi-perche","status":"publish","type":"post","link":"https:\/\/archivio.cercoiltuovolto.it\/?p=235162","title":{"rendered":"Vangelo giovane: Confessarsi: perch\u00e9?"},"content":{"rendered":"<p>Anche il Papa si confessa ogni quindici giorni, perch\u00e9 anche il Papa \u00e8 un peccatore. E il confessore sente le cose che io gli dico, mi consiglia e mi perdona, perch\u00e9 tutti abbiamo bisogno di questo perdono. A volte capita di sentire qualcuno che sostiene di confessarsi direttamente con Dio&#8230;. S\u00ec, come dicevo prima, Dio ti ascolta sempre, ma nel sacramento della Riconciliazione manda un fratello a portarti il perdono, la sicurezza del perdono, a nome della Chiesa.<\/p>\n<p>&nbsp;<\/p>\n","protected":false},"excerpt":{"rendered":"<p>Anche il Papa si confessa ogni quindici giorni, perch\u00e9 anche il Papa \u00e8 un peccatore. E il confessore sente le cose che io gli dico, mi consiglia e mi perdona, perch\u00e9 tutti abbiamo bisogno di questo perdono. A volte capita di sentire qualcuno che sostiene di confessarsi direttamente con Dio&#8230;. S\u00ec, come dicevo prima, Dio&#8230;<\/p>\n","protected":false},"author":3,"featured_media":0,"comment_status":"closed","ping_status":"closed","sticky":false,"template":"","format":"standard","meta":{"_kad_post_transparent":"","_kad_post_title":"","_kad_post_layout":"","_kad_post_sidebar_id":"","_kad_post_content_style":"","_kad_post_vertical_padding":"","_kad_post_feature":"","_kad_post_feature_position":"","_kad_post_header":false,"_kad_post_footer":false,"_kad_post_classname":"","footnotes":""},"categories":[103,542],"tags":[113],"class_list":["post-235162","post","type-post","status-publish","format-standard","hentry","category-103","category-confessione","tag-video"],"_links":{"self":[{"href":"https:\/\/archivio.cercoiltuovolto.it\/index.php?rest_route=\/wp\/v2\/posts\/235162","targetHints":{"allow":["GET"]}}],"collection":[{"href":"https:\/\/archivio.cercoiltuovolto.it\/index.php?rest_route=\/wp\/v2\/posts"}],"about":[{"href":"https:\/\/archivio.cercoiltuovolto.it\/index.php?rest_route=\/wp\/v2\/types\/post"}],"author":[{"embeddable":true,"href":"https:\/\/archivio.cercoiltuovolto.it\/index.php?rest_route=\/wp\/v2\/users\/3"}],"replies":[{"embeddable":true,"href":"https:\/\/archivio.cercoiltuovolto.it\/index.php?rest_route=%2Fwp%2Fv2%2Fcomments&post=235162"}],"version-history":[{"count":0,"href":"https:\/\/archivio.cercoiltuovolto.it\/index.php?rest_route=\/wp\/v2\/posts\/235162\/revisions"}],"wp:attachment":[{"href":"https:\/\/archivio.cercoiltuovolto.it\/index.php?rest_route=%2Fwp%2Fv2%2Fmedia&parent=235162"}],"wp:term":[{"taxonomy":"category","embeddable":true,"href":"https:\/\/archivio.cercoiltuovolto.it\/index.php?rest_route=%2Fwp%2Fv2%2Fcategories&post=235162"},{"taxonomy":"post_tag","embeddable":true,"href":"https:\/\/archivio.cercoiltuovolto.it\/index.php?rest_route=%2Fwp%2Fv2%2Ftags&post=235162"}],"curies":[{"name":"wp","href":"https:\/\/api.w.org\/{rel}","templated":true}]}}