{"id":235131,"date":"2013-11-24T23:57:45","date_gmt":"2013-11-24T23:57:45","guid":{"rendered":"https:\/\/archivio.cercoiltuovolto.it\/?p=235131"},"modified":"2013-11-24T23:57:45","modified_gmt":"2013-11-24T23:57:45","slug":"mons-gianfranco-ravasi-le-frontiere-dello-spirito-del-24-novembre-2013","status":"publish","type":"post","link":"https:\/\/archivio.cercoiltuovolto.it\/?p=235131","title":{"rendered":"mons. Gianfranco Ravasi &#8211; Le Frontiere dello Spirito del 24 novembre 2013"},"content":{"rendered":"<div style=\"text-align: center;\"><img loading=\"lazy\" decoding=\"async\" class=\"alignleft size-medium wp-image-29540\" alt=\"frontiere-dello-spirito-2013-2014\" src=\"http:\/\/www.cercoiltuovolto.it\/wp-content\/uploads\/2013\/11\/frontiere-dello-spirito-2013-2014-470x252.jpg\" width=\"470\" height=\"252\" \/><\/div>\n<p style=\"text-align: justify;\">Il programma di cultura e attualit\u00e0 religiosa \u00e8 curato e condotto dall&#8217;insigne biblista cardinale Gianfranco Ravasi e dalla giornalista Maria Cecilia Sangiorgi.<\/p>\n<p style=\"text-align: justify;\"><strong>Nella prima parte<\/strong>, il cardinale Ravasi commenta, con la consueta competenza e autorevolezza, la lettura del Vangelo secondo Matteo.<\/p>\n<p>&#8220;<strong>Il coraggio della speranza<\/strong>&#8221; &#8211; titolo del XXVII Incontro delle &#8216;Religioni per la Pace&#8217; promosso dalla Comunit\u00e0 di Sant&#8217; Egidio che si \u00e8 svolto il mese scorso a Roma &#8211; <strong>\u00e8 al centro della seconda parte del programma<\/strong>, curato da Maria Cecilia Sangiorgi. &#8220;No al terrorismo, s\u00ec al dialogo&#8221; \u00e8 quanto hanno indicato nel loro Appello di pace i leader religiosi convenuti a Roma. La guerra si vince solo con la pace, concludono, c&#8217;\u00e8 quindi bisogno di un movimento mondiale per la pace.<\/p>\n<p class=\"video-link\" style=\"text-align: justify;\"><a href=\"http:\/\/www.video.mediaset.it\/video\/frontiere_dello_spirito\/full\/421272\/puntata-del-17-novembre.html\">Guarda il video sul sito Mediaset<\/a><\/p>\n","protected":false},"excerpt":{"rendered":"<p>Il programma di cultura e attualit\u00e0 religiosa \u00e8 curato e condotto dall&#8217;insigne biblista cardinale Gianfranco Ravasi e dalla giornalista Maria Cecilia Sangiorgi. Nella prima parte, il cardinale Ravasi commenta, con la consueta competenza e autorevolezza, la lettura del Vangelo secondo Matteo. &#8220;Il coraggio della speranza&#8221; &#8211; titolo del XXVII Incontro delle &#8216;Religioni per la Pace&#8217;&#8230;<\/p>\n","protected":false},"author":3,"featured_media":0,"comment_status":"closed","ping_status":"closed","sticky":false,"template":"","format":"standard","meta":{"_kad_post_transparent":"","_kad_post_title":"","_kad_post_layout":"","_kad_post_sidebar_id":"","_kad_post_content_style":"","_kad_post_vertical_padding":"","_kad_post_feature":"","_kad_post_feature_position":"","_kad_post_header":false,"_kad_post_footer":false,"_kad_post_classname":"","footnotes":""},"categories":[103,157],"tags":[180,24,629],"class_list":["post-235131","post","type-post","status-publish","format-standard","hentry","category-103","category-bibbia","tag-pace","tag-televisione","tag-vangelo-di-matteo"],"_links":{"self":[{"href":"https:\/\/archivio.cercoiltuovolto.it\/index.php?rest_route=\/wp\/v2\/posts\/235131","targetHints":{"allow":["GET"]}}],"collection":[{"href":"https:\/\/archivio.cercoiltuovolto.it\/index.php?rest_route=\/wp\/v2\/posts"}],"about":[{"href":"https:\/\/archivio.cercoiltuovolto.it\/index.php?rest_route=\/wp\/v2\/types\/post"}],"author":[{"embeddable":true,"href":"https:\/\/archivio.cercoiltuovolto.it\/index.php?rest_route=\/wp\/v2\/users\/3"}],"replies":[{"embeddable":true,"href":"https:\/\/archivio.cercoiltuovolto.it\/index.php?rest_route=%2Fwp%2Fv2%2Fcomments&post=235131"}],"version-history":[{"count":0,"href":"https:\/\/archivio.cercoiltuovolto.it\/index.php?rest_route=\/wp\/v2\/posts\/235131\/revisions"}],"wp:attachment":[{"href":"https:\/\/archivio.cercoiltuovolto.it\/index.php?rest_route=%2Fwp%2Fv2%2Fmedia&parent=235131"}],"wp:term":[{"taxonomy":"category","embeddable":true,"href":"https:\/\/archivio.cercoiltuovolto.it\/index.php?rest_route=%2Fwp%2Fv2%2Fcategories&post=235131"},{"taxonomy":"post_tag","embeddable":true,"href":"https:\/\/archivio.cercoiltuovolto.it\/index.php?rest_route=%2Fwp%2Fv2%2Ftags&post=235131"}],"curies":[{"name":"wp","href":"https:\/\/api.w.org\/{rel}","templated":true}]}}