{"id":235083,"date":"2013-11-18T06:15:12","date_gmt":"2013-11-18T06:15:12","guid":{"rendered":"https:\/\/archivio.cercoiltuovolto.it\/?p=235083"},"modified":"2013-11-18T06:15:12","modified_gmt":"2013-11-18T06:15:12","slug":"un-viandante-sulla-via-di-gerico-di-fabio-baggio","status":"publish","type":"post","link":"https:\/\/archivio.cercoiltuovolto.it\/?p=235083","title":{"rendered":"Un viandante sulla via di Gerico &#8211; di Fabio Baggio"},"content":{"rendered":"<p>Il video \u00e8 stato proposto come inno nell&#8217;ambito dell&#8217;itinerario annuale &#8220;<em>Gesti e parole d&#8217;amore<\/em>&#8220;, proposto dalla rivista <a title=\"Se vuoi abbonarti\" href=\"http:\/\/paoline.dehoniane.it\/altri_editori\/paoline\/scaffale_abbonamenti.php\" target=\"_blank\">Catechisti Parrocchiali<\/a>, nell&#8217;ambito dell&#8217;inserto monografico per la catechesi con pre-adolescenti e adolescenti.<\/p>\n<p>Fonte: <a href=\"http:\/\/cantalavita.com\/2013\/11\/15\/un-viandante-sulla-via-di-gerico-video-forum\/\" target=\"_blank\">Canta la Vita<\/a>, qui di seguito un breve estratto che potrete leggere nel sito.<\/p>\n<blockquote>\n<p>Il video che vi proponiamo di utilizzare pu\u00f2 diventare una possibilit\u00e0 per attivare un\u00a0<strong>percorso di attualizzazione della parabola del buon Samaritano<\/strong>\u00a0(Lc 10, 25-37), da proporre a\u00a0<strong>preadolescenti e adolescenti<\/strong>.<br \/>La parabola \u00e8 tra le pi\u00f9 conosciute e forse anche tra le pi\u00f9 anestetizzate. Contiene provocazioni forti, anche e soprattutto per una contemporaneit\u00e0 cos\u00ec segnata da squilibri, povert\u00e0, contraddizioni, prevaricazioni, divari socio-culturali. Si tratta allora\u00a0nell\u2019attualit\u00e0\u00a0di quel comandamento: farsi prossimi!<br \/>Le\u00a0<strong>immagini<\/strong>\u00a0del video possono\u00a0<strong>aiutare i ragazzi a trasferire la parabola\u00a0nell\u2019oggi<\/strong>, ma potrebbero essere associate anche ad altre che gli stessi ragazzi, in un lavoro successivo\u00a0potrebbero individuare a partire dalla loro esperienza e dagli ambienti in cui vivono.<\/p>\n<\/blockquote>\n","protected":false},"excerpt":{"rendered":"<p>Il video \u00e8 stato proposto come inno nell&#8217;ambito dell&#8217;itinerario annuale &#8220;Gesti e parole d&#8217;amore&#8220;, proposto dalla rivista Catechisti Parrocchiali, nell&#8217;ambito dell&#8217;inserto monografico per la catechesi con pre-adolescenti e adolescenti. Fonte: Canta la Vita, qui di seguito un breve estratto che potrete leggere nel sito. Il video che vi proponiamo di utilizzare pu\u00f2 diventare una possibilit\u00e0&#8230;<\/p>\n","protected":false},"author":3,"featured_media":0,"comment_status":"closed","ping_status":"closed","sticky":false,"template":"","format":"standard","meta":{"_kad_post_transparent":"","_kad_post_title":"","_kad_post_layout":"","_kad_post_sidebar_id":"","_kad_post_content_style":"","_kad_post_vertical_padding":"","_kad_post_feature":"","_kad_post_feature_position":"","_kad_post_header":false,"_kad_post_footer":false,"_kad_post_classname":"","footnotes":""},"categories":[103,671],"tags":[113],"class_list":["post-235083","post","type-post","status-publish","format-standard","hentry","category-103","category-buon-samaritano","tag-video"],"_links":{"self":[{"href":"https:\/\/archivio.cercoiltuovolto.it\/index.php?rest_route=\/wp\/v2\/posts\/235083","targetHints":{"allow":["GET"]}}],"collection":[{"href":"https:\/\/archivio.cercoiltuovolto.it\/index.php?rest_route=\/wp\/v2\/posts"}],"about":[{"href":"https:\/\/archivio.cercoiltuovolto.it\/index.php?rest_route=\/wp\/v2\/types\/post"}],"author":[{"embeddable":true,"href":"https:\/\/archivio.cercoiltuovolto.it\/index.php?rest_route=\/wp\/v2\/users\/3"}],"replies":[{"embeddable":true,"href":"https:\/\/archivio.cercoiltuovolto.it\/index.php?rest_route=%2Fwp%2Fv2%2Fcomments&post=235083"}],"version-history":[{"count":0,"href":"https:\/\/archivio.cercoiltuovolto.it\/index.php?rest_route=\/wp\/v2\/posts\/235083\/revisions"}],"wp:attachment":[{"href":"https:\/\/archivio.cercoiltuovolto.it\/index.php?rest_route=%2Fwp%2Fv2%2Fmedia&parent=235083"}],"wp:term":[{"taxonomy":"category","embeddable":true,"href":"https:\/\/archivio.cercoiltuovolto.it\/index.php?rest_route=%2Fwp%2Fv2%2Fcategories&post=235083"},{"taxonomy":"post_tag","embeddable":true,"href":"https:\/\/archivio.cercoiltuovolto.it\/index.php?rest_route=%2Fwp%2Fv2%2Ftags&post=235083"}],"curies":[{"name":"wp","href":"https:\/\/api.w.org\/{rel}","templated":true}]}}