{"id":235061,"date":"2013-11-16T08:00:04","date_gmt":"2013-11-16T08:00:04","guid":{"rendered":"https:\/\/archivio.cercoiltuovolto.it\/?p=235061"},"modified":"2013-11-16T08:00:04","modified_gmt":"2013-11-16T08:00:04","slug":"don-massimo-astrua-leco-di-una-passione","status":"publish","type":"post","link":"https:\/\/archivio.cercoiltuovolto.it\/?p=235061","title":{"rendered":"don Massimo Astrua &#8211; L&#8217;eco di una passione"},"content":{"rendered":"<p style=\"text-align: justify;\"><img loading=\"lazy\" decoding=\"async\" class=\"alignleft size-full wp-image-29776\" alt=\"DMA T 9.tif\" src=\"http:\/\/www.cercoiltuovolto.it\/wp-content\/uploads\/2013\/11\/portret-2.jpg\" width=\"253\" height=\"300\" \/>Don Massimo nasce il 2 gennaio 1924 in una famiglia milanese. Ha 25 anni quando \u00e8 ordinato sacerdote. Dopo un periodo trascorso nel seminario minore a Masnago con l&#8217;incarico di padre spirituale, diventa vice rettore del collegio di Gorla. Dal 1958 \u00e8 passato all&#8217;istituto del Beato Angelico di Milano. Per poi arrivare nel 1965 a Pessano con Bornago. Qui segue per molti anni i mutilatini del collegio Pro Juventute di don Carlo Gnocchi, lavorando incessantemente anche nella parrocchia dei Santi Vitale e Valeria.\u00a0<br \/>Nello stesso 1965 fonda, insieme a don Angelo Albani, parroco di Pessano, la casa editrice Mimep Docete. In un&#8217;intervista degli anni &#8217;80, rilasciata al settimanale Radar, don Massimo definisce cos\u00ec l&#8217;iniziativa: &#8220;Intorno al 1965 abbiamo organizzato una scuola di grafica per poter dare un lavoro ai mutilatini del Don Gnocchi e a coloro che non potevano frequentare regolarmente gli studi. Poich\u00e9 non avevamo sussidi, abbiamo cominciato a creare delle edizioni&#8221;. La realt\u00e0 della Mimep cresce e si arricchisce di sempre nuove edizioni e collaboratori. Nel 1980 sono state invitate a venire, dalla Polonia, le prime suore della Congregazione della Maria Vergine di Loreto. Il talento di don Massimo si manifesta semplicemente in tutto, \u00e8 lui l&#8217;anima di ogni cosa all&#8217;interno della casa editrice, dall&#8217;aggiustare le macchine in stamperia e in legatoria allo scrivere i testi. \u00c8 lui l&#8217;autore di tanti libri, di teologia, catechismo, vita dei santi e padri della Chiesa, adatti sia per gli adulti che per i giovani. Don Massimo ha una grande capacit\u00e0 comunicativa e riesce a rendere comprensibili i concetti sia attraverso un linguaggio semplice che con l&#8217;aiuto della grafica. Lo spirito dell&#8217;apprendere sempre qualcosa di nuovo lo nutre seguendo la sfida della tecnologia, infatti, realizza i primi film documentari, dove lui stesso \u00e8 sceneggiatore, registra, attore, disegnatore, ed esecutore di tanti ruoli. Infinitamente innamorato di Ges\u00f9, si trova sempre degli esempi da seguire, ed \u00e8 affascinato dal suo grande santo, San Giovanni della Croce, da cui lo pseudonimo con il quale, a volte, si firma: Jean Marie de La Croix.\u00a0<br \/>Dai santi \u00e8 ispirato nello zelo e nel sacrificio; grazie alla Madonna si sente incoraggiato e tenace; per amore misericordioso di Dio \u00e8 sempre pronto a tutto!<\/p>\n<p>Negli ultimi anni della sua vita la malattia gradualmente gli toglie le forze e, con esse, la possibilit\u00e0 di rispondere ai numerosissimi impegni. Tutto ci\u00f2 gli causa un grande dispiacere. Lui, per\u00f2, non si arrende mai, e nel suo piccolo studio, con il computer, continua a scrivere libri, non smette di leggere e arricchire le sue gi\u00e0 vaste conoscenze, prega e continua la sua missione di Sacerdote nella Messa quotidiana e confessando chi ne ha bisogno. Quando non riesce a dormire, di notte registra i suoi pensieri, conferenze che poi le suore hanno trasformato in CD. Diverse crisi fisiche dovute alla malattia tolgono man mano anche gli ultimi strumenti di &#8220;creazione&#8221; del suo genio. Rimane la preghiera, un silenzio in adorazione della Croce nel vero dolore fisico che patisce, e la Santa Messa, alla fine celebrata quasi sul letto, con la voce tremante e le mani, martoriate dagli aghi delle flebo, che spezzavano il pane&#8230; le sue mani che non hanno mai smesso di benedire&#8230; fino all&#8217;8 novembre 2011&#8230;<\/p>\n<p>www.mimep.it<\/p>\n","protected":false},"excerpt":{"rendered":"<p>Don Massimo nasce il 2 gennaio 1924 in una famiglia milanese. Ha 25 anni quando \u00e8 ordinato sacerdote. Dopo un periodo trascorso nel seminario minore a Masnago con l&#8217;incarico di padre spirituale, diventa vice rettore del collegio di Gorla. Dal 1958 \u00e8 passato all&#8217;istituto del Beato Angelico di Milano. Per poi arrivare nel 1965 a&#8230;<\/p>\n","protected":false},"author":3,"featured_media":0,"comment_status":"closed","ping_status":"closed","sticky":false,"template":"","format":"standard","meta":{"_kad_post_transparent":"","_kad_post_title":"","_kad_post_layout":"","_kad_post_sidebar_id":"","_kad_post_content_style":"","_kad_post_vertical_padding":"","_kad_post_feature":"","_kad_post_feature_position":"","_kad_post_header":false,"_kad_post_footer":false,"_kad_post_classname":"","footnotes":""},"categories":[103,155],"tags":[113],"class_list":["post-235061","post","type-post","status-publish","format-standard","hentry","category-103","category-documentario","tag-video"],"_links":{"self":[{"href":"https:\/\/archivio.cercoiltuovolto.it\/index.php?rest_route=\/wp\/v2\/posts\/235061","targetHints":{"allow":["GET"]}}],"collection":[{"href":"https:\/\/archivio.cercoiltuovolto.it\/index.php?rest_route=\/wp\/v2\/posts"}],"about":[{"href":"https:\/\/archivio.cercoiltuovolto.it\/index.php?rest_route=\/wp\/v2\/types\/post"}],"author":[{"embeddable":true,"href":"https:\/\/archivio.cercoiltuovolto.it\/index.php?rest_route=\/wp\/v2\/users\/3"}],"replies":[{"embeddable":true,"href":"https:\/\/archivio.cercoiltuovolto.it\/index.php?rest_route=%2Fwp%2Fv2%2Fcomments&post=235061"}],"version-history":[{"count":0,"href":"https:\/\/archivio.cercoiltuovolto.it\/index.php?rest_route=\/wp\/v2\/posts\/235061\/revisions"}],"wp:attachment":[{"href":"https:\/\/archivio.cercoiltuovolto.it\/index.php?rest_route=%2Fwp%2Fv2%2Fmedia&parent=235061"}],"wp:term":[{"taxonomy":"category","embeddable":true,"href":"https:\/\/archivio.cercoiltuovolto.it\/index.php?rest_route=%2Fwp%2Fv2%2Fcategories&post=235061"},{"taxonomy":"post_tag","embeddable":true,"href":"https:\/\/archivio.cercoiltuovolto.it\/index.php?rest_route=%2Fwp%2Fv2%2Ftags&post=235061"}],"curies":[{"name":"wp","href":"https:\/\/api.w.org\/{rel}","templated":true}]}}