{"id":235057,"date":"2013-11-13T22:19:42","date_gmt":"2013-11-13T22:19:42","guid":{"rendered":"https:\/\/archivio.cercoiltuovolto.it\/?p=235057"},"modified":"2013-11-13T22:19:42","modified_gmt":"2013-11-13T22:19:42","slug":"vivere-la-speranza-origene-di-alessandria-i-padri-della-chiesa-12-novembre-2013","status":"publish","type":"post","link":"https:\/\/archivio.cercoiltuovolto.it\/?p=235057","title":{"rendered":"Vivere la Speranza Origene di Alessandria &#8211; I Padri della Chiesa 12 novembre 2013"},"content":{"rendered":"<p style=\"text-align: justify;\">Padre Mario Maritano O.d.B., Professore ordinario di Patrologia presso l&#8217;Universit\u00e0 Salesiana di Roma, presenta la figura di Ori\u0300gene, uno dei grandi Padri della Chiesa, vissuto tra il 185 e il 253, e considerato come il pi\u00f9 grande dotto e lo scrittore teologico di gran lunga pi\u00f9 fecondo dell&#8217;epoca precedente il Concilio di Nicea. \u00c8 il teologo di maggior influsso nella Chiesa greca ed il pi\u00f9 grande di tutta la Chiesa per l&#8217;epoca precedente Agostino di Ippona.<\/p>\n<p style=\"text-align: justify;\">A seguire, c&#8217;\u00e8 la riflessione sul Vangelo di Domenica XXXIII del tempo ordinario.<\/p>\n<p style=\"text-align: justify;\">Il programma termina con la Cronaca Bianca e il Video Notiziario di Terra Santa, realizzato dal Franciscan Media Center di Gerusalemme.<\/p>\n","protected":false},"excerpt":{"rendered":"<p>Padre Mario Maritano O.d.B., Professore ordinario di Patrologia presso l&#8217;Universit\u00e0 Salesiana di Roma, presenta la figura di Ori\u0300gene, uno dei grandi Padri della Chiesa, vissuto tra il 185 e il 253, e considerato come il pi\u00f9 grande dotto e lo scrittore teologico di gran lunga pi\u00f9 fecondo dell&#8217;epoca precedente il Concilio di Nicea. \u00c8 il&#8230;<\/p>\n","protected":false},"author":3,"featured_media":0,"comment_status":"closed","ping_status":"closed","sticky":false,"template":"","format":"standard","meta":{"_kad_post_transparent":"","_kad_post_title":"","_kad_post_layout":"","_kad_post_sidebar_id":"","_kad_post_content_style":"","_kad_post_vertical_padding":"","_kad_post_feature":"","_kad_post_feature_position":"","_kad_post_header":false,"_kad_post_footer":false,"_kad_post_classname":"","footnotes":""},"categories":[103,4],"tags":[711,350,172],"class_list":["post-235057","post","type-post","status-publish","format-standard","hentry","category-103","category-audio-cattolici","tag-origene","tag-padri-della-chiesa","tag-vangelo-della-domenica"],"_links":{"self":[{"href":"https:\/\/archivio.cercoiltuovolto.it\/index.php?rest_route=\/wp\/v2\/posts\/235057","targetHints":{"allow":["GET"]}}],"collection":[{"href":"https:\/\/archivio.cercoiltuovolto.it\/index.php?rest_route=\/wp\/v2\/posts"}],"about":[{"href":"https:\/\/archivio.cercoiltuovolto.it\/index.php?rest_route=\/wp\/v2\/types\/post"}],"author":[{"embeddable":true,"href":"https:\/\/archivio.cercoiltuovolto.it\/index.php?rest_route=\/wp\/v2\/users\/3"}],"replies":[{"embeddable":true,"href":"https:\/\/archivio.cercoiltuovolto.it\/index.php?rest_route=%2Fwp%2Fv2%2Fcomments&post=235057"}],"version-history":[{"count":0,"href":"https:\/\/archivio.cercoiltuovolto.it\/index.php?rest_route=\/wp\/v2\/posts\/235057\/revisions"}],"wp:attachment":[{"href":"https:\/\/archivio.cercoiltuovolto.it\/index.php?rest_route=%2Fwp%2Fv2%2Fmedia&parent=235057"}],"wp:term":[{"taxonomy":"category","embeddable":true,"href":"https:\/\/archivio.cercoiltuovolto.it\/index.php?rest_route=%2Fwp%2Fv2%2Fcategories&post=235057"},{"taxonomy":"post_tag","embeddable":true,"href":"https:\/\/archivio.cercoiltuovolto.it\/index.php?rest_route=%2Fwp%2Fv2%2Ftags&post=235057"}],"curies":[{"name":"wp","href":"https:\/\/api.w.org\/{rel}","templated":true}]}}