{"id":235056,"date":"2013-11-13T22:16:21","date_gmt":"2013-11-13T22:16:21","guid":{"rendered":"https:\/\/archivio.cercoiltuovolto.it\/?p=235056"},"modified":"2013-11-13T22:16:21","modified_gmt":"2013-11-13T22:16:21","slug":"buonasera-la-settimana-con-papa-francesco-il-papa-e-la-gioia-5-puntata","status":"publish","type":"post","link":"https:\/\/archivio.cercoiltuovolto.it\/?p=235056","title":{"rendered":"Buonasera! La Settimana con Papa Francesco &#8220;IL PAPA E LA GIOIA&#8221; &#8211; 5\u00b0 Puntata"},"content":{"rendered":"<p>Programma con la sintesi della settimana di #PapaFrancesco ed approfondimenti tematici. Ospite Don Dario Vigan\u00f2, Chiara Amirante e don Claudio Savio. Programma con la collaborazione del direttore del CTV Mons. Dario Edoardo Vigan\u00f2, il direttore di TelePace don Claudio Savio, giornalisti e rappresenti delle realt\u00e0 ecclesiali. Conduce don Davide Banzato. Tra gli autori Fabio Salvatore, Claudio Savio, Emanuele Rainaldi, Davide Banzato.<\/p>\n<p>QUANDO:\u00a0<br \/>-Ogni SETTIMANA in DIRETTA Luned\u00ec alle 21,00 e in REPLICA Marted\u00ec alle 10,30.<\/p>\n<p>DOVE:<br \/>-Canale 850 del decoder Sky<br \/>-Digitale\u00a0<a  title=\"http:\/\/www.telepace.it\/dvbt.php\" href=\"http:\/\/www.telepace.it\/dvbt.php\" target=\"_blank\" rel=\"nofollow\">http:\/\/www.telepace.it\/dvbt.php<\/a><br \/>-WEBTV\u00a0<a  title=\"http:\/\/www.telepace.it\/web-tv.php\" href=\"http:\/\/www.telepace.it\/web-tv.php\" target=\"_blank\" rel=\"nofollow\">http:\/\/www.telepace.it\/web-tv.php<\/a><\/p>\n<p>Maggiori informazioni:\u00a0<a  title=\"http:\/\/www.cavalieridellaluce.net\/mass-media\/2013\/10\/05\/inizia-il-nuovo-programma-di-telepace-buonasera-la-settimana-con-papa-francesco\/\" href=\"http:\/\/www.cavalieridellaluce.net\/mass-media\/2013\/10\/05\/inizia-il-nuovo-programma-di-telepace-buonasera-la-settimana-con-papa-francesco\/\" target=\"_blank\" rel=\"nofollow\">http:\/\/www.cavalieridellaluce.net\/mas&#8230;<\/a><\/p>\n<p>PALINSESTO DEI PROGRAMMI prodotti con Nuovi Orizzonti Happy News:\u00a0<a  title=\"http:\/\/www.cavalieridellaluce.net\/mass-media\/2013\/09\/20\/novita-a-telepace-nel-palinsesto-2013-2014\/\" href=\"http:\/\/www.cavalieridellaluce.net\/mass-media\/2013\/09\/20\/novita-a-telepace-nel-palinsesto-2013-2014\/\" target=\"_blank\" rel=\"nofollow\">http:\/\/www.cavalieridellaluce.net\/mas&#8230;<\/a><\/p>\n","protected":false},"excerpt":{"rendered":"<p>Programma con la sintesi della settimana di #PapaFrancesco ed approfondimenti tematici. Ospite Don Dario Vigan\u00f2, Chiara Amirante e don Claudio Savio. Programma con la collaborazione del direttore del CTV Mons. Dario Edoardo Vigan\u00f2, il direttore di TelePace don Claudio Savio, giornalisti e rappresenti delle realt\u00e0 ecclesiali. Conduce don Davide Banzato. Tra gli autori Fabio Salvatore,&#8230;<\/p>\n","protected":false},"author":3,"featured_media":0,"comment_status":"closed","ping_status":"closed","sticky":false,"template":"","format":"standard","meta":{"_kad_post_transparent":"","_kad_post_title":"","_kad_post_layout":"","_kad_post_sidebar_id":"","_kad_post_content_style":"","_kad_post_vertical_padding":"","_kad_post_feature":"","_kad_post_feature_position":"","_kad_post_header":false,"_kad_post_footer":false,"_kad_post_classname":"","footnotes":""},"categories":[103,696],"tags":[113],"class_list":["post-235056","post","type-post","status-publish","format-standard","hentry","category-103","category-papa-francesco","tag-video"],"_links":{"self":[{"href":"https:\/\/archivio.cercoiltuovolto.it\/index.php?rest_route=\/wp\/v2\/posts\/235056","targetHints":{"allow":["GET"]}}],"collection":[{"href":"https:\/\/archivio.cercoiltuovolto.it\/index.php?rest_route=\/wp\/v2\/posts"}],"about":[{"href":"https:\/\/archivio.cercoiltuovolto.it\/index.php?rest_route=\/wp\/v2\/types\/post"}],"author":[{"embeddable":true,"href":"https:\/\/archivio.cercoiltuovolto.it\/index.php?rest_route=\/wp\/v2\/users\/3"}],"replies":[{"embeddable":true,"href":"https:\/\/archivio.cercoiltuovolto.it\/index.php?rest_route=%2Fwp%2Fv2%2Fcomments&post=235056"}],"version-history":[{"count":0,"href":"https:\/\/archivio.cercoiltuovolto.it\/index.php?rest_route=\/wp\/v2\/posts\/235056\/revisions"}],"wp:attachment":[{"href":"https:\/\/archivio.cercoiltuovolto.it\/index.php?rest_route=%2Fwp%2Fv2%2Fmedia&parent=235056"}],"wp:term":[{"taxonomy":"category","embeddable":true,"href":"https:\/\/archivio.cercoiltuovolto.it\/index.php?rest_route=%2Fwp%2Fv2%2Fcategories&post=235056"},{"taxonomy":"post_tag","embeddable":true,"href":"https:\/\/archivio.cercoiltuovolto.it\/index.php?rest_route=%2Fwp%2Fv2%2Ftags&post=235056"}],"curies":[{"name":"wp","href":"https:\/\/api.w.org\/{rel}","templated":true}]}}