{"id":235022,"date":"2013-11-03T15:30:40","date_gmt":"2013-11-03T15:30:40","guid":{"rendered":"https:\/\/archivio.cercoiltuovolto.it\/?p=235022"},"modified":"2013-11-03T15:30:40","modified_gmt":"2013-11-03T15:30:40","slug":"il-disegno-di-papa-francesco-il-volto-futuro-della-chiesa","status":"publish","type":"post","link":"https:\/\/archivio.cercoiltuovolto.it\/?p=235022","title":{"rendered":"Il disegno di papa Francesco &#8211; Il volto futuro della Chiesa"},"content":{"rendered":"<p style=\"text-align: justify;\"><span style=\"font-size: medium;\"><a href=\"http:\/\/www.libreriadelsanto.it\/libri\/9788830721531\/il-disegno-di-papa-francesco.html?p=sot\"><img loading=\"lazy\" decoding=\"async\" class=\"alignleft size-large wp-image-29544\" alt=\"sviluppo-spadaro.indd\" src=\"http:\/\/www.cercoiltuovolto.it\/wp-content\/uploads\/2013\/11\/Disegno-di-papa-Francesco-307x450.jpg\" width=\"307\" height=\"450\" \/><\/a>Padre Antonio Spadaro, gesuita e direttore della prestigiosa rivista\u00a0<\/span><i style=\"font-size: medium;\">La Civilt\u00e0 Cattolica<\/i><span style=\"font-size: medium;\">, autore della prima intervista giornalistica a papa Francesco, arriva a breve in libreria con un brillante e denso saggio dedicato alla progettualit\u00e0 di un pontificato che gi\u00e0 nei suoi primi sei mesi si preannuncia carico di originalit\u00e0.<\/span><\/p>\n<p style=\"text-align: justify;\"><span style=\"font-size: medium;\">Si intitola\u00a0<i>Il disegno di Francesco. Il volto futuro della Chiesa<\/i>\u00a0(Editrice Missionaria Italiana) il nuovo libro di Spadaro, in cui il gesuita siciliano tratteggia un\u2019autorevole analisi del pontificato di Francesco tramite la \u201clente di ingrandimento\u201d del recente viaggio in Brasile per la Giornata mondiale della giovent\u00f9.<\/span><\/p>\n<p style=\"text-align: justify;\"><span style=\"font-size: medium;\">Spadaro compie una doppia interpretazione dell\u2019azione del pontefice: da un lato realizza un\u2019attenta rilettura degli interventi del Papa durante le giornate in terra sudamericana, dall\u2019altro attinge alla sua pregressa conoscenza del pensiero e degli scritti dell\u2019allora padre e cardinal Bergoglio. In questo modo l\u2019autore individua alcuni aspetti principali di quel \u201cvolto futuro della Chiesa\u201d che il Papa argentino desidera: una Chiesa missionaria, che si fa prossima di ogni uomo e donna, in cui il primato di Dio e del suo originario amore per ogni creatura svetti su ogni altra scelta.<\/span><\/p>\n<p style=\"text-align: justify;\"><span style=\"font-size: medium;\">Spadaro prende spunto inoltre da diversi scritti di padre Bergoglio in cui si rintraccia in profondit\u00e0 la natura \u201cgesuitica\u201d dell\u2019attuale pontefice, mettendo in risalto gli elementi pi\u00f9 ignaziani delle scelte che stanno guidando il successore di Benedetto XVI: il primato del discernimento, la fedelt\u00e0 creativa alla Chiesa, il tratto decisivo della preghiera, la missionariet\u00e0 slanciata verso ogni frontiera della vita.<\/span><\/p>\n<p style=\"text-align: justify;\"><span style=\"font-size: medium;\">Nella sua prefazione padre Pepe di Paola, uno dei preti delle \u201cvillas miserias\u201d di Buenos Aires, amico personale di papa Bergoglio, scrive: \u201cIl libro di padre Antonio, a partire dall\u2019evento delle Giornate mondiali di Rio, ci mostra il Papa argentino che supera ostacoli di ogni genere &#8211; da quelli imposti dalla sicurezza, a quelli di carattere intellettuale ed ecclesiastico &#8211; per incontrare il popolo che Dio gli ha affidato\u201d.<\/span><\/p>\n<div class=\"powerpressbox\">\n<h3>Ascolta l&#8217;intervista all&#8217;autore fatta da Alessandro Gisotti &#8211; <a href=\"http:\/\/it.radiovaticana.va\/news\/2013\/11\/03\/%E2%80%9Cil_disegno_di_papa_francesco%E2%80%9D._nel_suo_nuovo_libro,_p._spadaro\/it1-742990\" target=\"_blank\">Radio Vaticana<\/a><\/h3>\n<p>[powerpress]<\/p>\n<\/div>\n<p class=\"acquista-paragrafo\"><a href=\"http:\/\/www.libreriadelsanto.it\/libri\/9788830721531\/il-disegno-di-papa-francesco.html?p=sot\" target=\"_blank\">Acquista il libro<\/a> su Libreria del Santo<\/p>\n<p class=\"acquista-paragrafo\"><a href=\"http:\/\/www.ibs.it\/code\/9788830721531\/spadaro-antonio\/disegno-di-papa-francesco.html?shop=3462\" target=\"_blank\">Acquista il libro<\/a> su IBS<\/p>\n","protected":false},"excerpt":{"rendered":"<p>Padre Antonio Spadaro, gesuita e direttore della prestigiosa rivista\u00a0La Civilt\u00e0 Cattolica, autore della prima intervista giornalistica a papa Francesco, arriva a breve in libreria con un brillante e denso saggio dedicato alla progettualit\u00e0 di un pontificato che gi\u00e0 nei suoi primi sei mesi si preannuncia carico di originalit\u00e0. Si intitola\u00a0Il disegno di Francesco. Il volto&#8230;<\/p>\n","protected":false},"author":3,"featured_media":0,"comment_status":"closed","ping_status":"closed","sticky":false,"template":"","format":"standard","meta":{"_kad_post_transparent":"","_kad_post_title":"","_kad_post_layout":"","_kad_post_sidebar_id":"","_kad_post_content_style":"","_kad_post_vertical_padding":"","_kad_post_feature":"","_kad_post_feature_position":"","_kad_post_header":false,"_kad_post_footer":false,"_kad_post_classname":"","footnotes":""},"categories":[103,3],"tags":[17,698],"class_list":["post-235022","post","type-post","status-publish","format-standard","hentry","category-103","category-libri","tag-libri","tag-papa-francesco"],"_links":{"self":[{"href":"https:\/\/archivio.cercoiltuovolto.it\/index.php?rest_route=\/wp\/v2\/posts\/235022","targetHints":{"allow":["GET"]}}],"collection":[{"href":"https:\/\/archivio.cercoiltuovolto.it\/index.php?rest_route=\/wp\/v2\/posts"}],"about":[{"href":"https:\/\/archivio.cercoiltuovolto.it\/index.php?rest_route=\/wp\/v2\/types\/post"}],"author":[{"embeddable":true,"href":"https:\/\/archivio.cercoiltuovolto.it\/index.php?rest_route=\/wp\/v2\/users\/3"}],"replies":[{"embeddable":true,"href":"https:\/\/archivio.cercoiltuovolto.it\/index.php?rest_route=%2Fwp%2Fv2%2Fcomments&post=235022"}],"version-history":[{"count":0,"href":"https:\/\/archivio.cercoiltuovolto.it\/index.php?rest_route=\/wp\/v2\/posts\/235022\/revisions"}],"wp:attachment":[{"href":"https:\/\/archivio.cercoiltuovolto.it\/index.php?rest_route=%2Fwp%2Fv2%2Fmedia&parent=235022"}],"wp:term":[{"taxonomy":"category","embeddable":true,"href":"https:\/\/archivio.cercoiltuovolto.it\/index.php?rest_route=%2Fwp%2Fv2%2Fcategories&post=235022"},{"taxonomy":"post_tag","embeddable":true,"href":"https:\/\/archivio.cercoiltuovolto.it\/index.php?rest_route=%2Fwp%2Fv2%2Ftags&post=235022"}],"curies":[{"name":"wp","href":"https:\/\/api.w.org\/{rel}","templated":true}]}}