{"id":235018,"date":"2013-11-01T23:11:42","date_gmt":"2013-11-01T23:11:42","guid":{"rendered":"https:\/\/archivio.cercoiltuovolto.it\/?p=235018"},"modified":"2013-11-01T23:11:42","modified_gmt":"2013-11-01T23:11:42","slug":"papa-francesco-01-11-2013-omelia-della-santa-messa-del-papa-al-cimitero-del-verano-in-mp3","status":"publish","type":"post","link":"https:\/\/archivio.cercoiltuovolto.it\/?p=235018","title":{"rendered":"Papa Francesco &#8211; 01.11.2013- Omelia della Santa Messa del Papa al Cimitero del Verano in mp3"},"content":{"rendered":"<blockquote>\n<p>A quest\u2019ora, prima del tramonto, in questo cimitero ci raccogliamo e pensiamo al nostro futuro, pensiamo a tutti quelli che se ne sono andati, che ci hanno preceduto nella vita e sono nel Signore.<\/p>\n<p>E\u2019 tanto bella quella visione del Cielo che abbiamo sentito nella prima Lettura: il Signore Dio, la bellezza, la bont\u00e0, la verit\u00e0, la tenerezza, l\u2019amore pieno. Ci aspetta tutto questo. Quelli che ci hanno preceduto e sono morti nel Signore sono l\u00e0. Essi proclamano che sono stati salvati non per le loro opere \u2013 hanno fatto anche opere buone \u2013 ma sono stati salvati dal Signore: \u00abLa salvezza appartiene al nostro Dio, seduto sul trono, e all\u2019Agnello\u00bb (<i>Ap<\/i>\u00a07, 10). \u00c8 Lui che ci salva, \u00e8 Lui che alla fine della nostra vita ci porta per mano come un pap\u00e0, proprio in quel Cielo dove sono i nostri antenati. Uno degli anziani fa una domanda: \u00abQuesti, che sono vestiti di bianco, chi sono e da dove vengono?\u00bb (v.13). Chi sono questi giusti, questi santi che sono in Cielo? La risposta: \u00abSono quelli che vengono dalla grande tribolazione e che hanno lavato le loro vesti, rendendole candide nel sangue dell\u2019Agnello\u00bb (v.14).<\/p>\n<p>Possiamo entrare nel Cielo soltanto grazie al sangue dell\u2019Agnello, grazie al sangue di Cristo. \u00c8 proprio il sangue di Cristo che ci ha giustificati, che ci ha aperto le porte del Cielo. E se oggi ricordiamo questi nostri fratelli e sorelle che ci hanno preceduto nella vita e sono in Cielo, \u00e8 perch\u00e9 essi sono stati lavati dal sangue di Cristo. Questa \u00e8 la nostra speranza: la speranza del sangue di Cristo! Una speranza che non delude. Se camminiamo nella vita con il Signore, Lui non delude mai!<\/p>\n<p>Abbiamo sentito nella seconda Lettura quello che l\u2019Apostolo Giovanni diceva ai suoi discepoli: \u00abVedete quale grande amore ci ha dato il Padre per essere chiamati figli di Dio, e lo siamo realmente! Per questo il mondo non ci conosce. \u2026 Siamo figli di Dio, ma ci\u00f2 che saremo non \u00e8 stato ancora rivelato. Sappiamo per\u00f2 che quando egli si sar\u00e0 manifestato, noi saremo simili a lui, perch\u00e9 lo vedremo come egli \u00e8\u00bb (<i>1 Gv<\/i>\u00a03,1-2). Vedere Dio, essere simili a Dio: questa \u00e8 la nostra speranza. E oggi, proprio nel giorno dei Santi e prima del giorno dei Morti, \u00e8 necessario pensare un po\u2019 alla speranza: questa speranza che ci accompagna nella vita. I primi cristiani dipingevano la speranza con un\u2019ancora, come se la vita fosse l\u2019ancora gettata nella riva del Cielo e tutti noi incamminati verso quella riva, aggrappati alla corda dell\u2019ancora. Questa \u00e8 \u00a0una bella immagine della speranza: avere il cuore ancorato l\u00e0 dove sono i nostri antenati, dove sono i Santi, dove \u00e8 Ges\u00f9, dove \u00e8 Dio. Questa \u00e8 la speranza che non delude; oggi e domani sono giorni di speranza.<\/p>\n<p>La speranza \u00e8 un po\u2019 come il lievito, che ti fa allargare l\u2019anima; ci sono momenti difficili nella vita, ma con la speranza l\u2019anima va avanti e guarda a ci\u00f2 che ci aspetta. Oggi \u00e8 un giorno di speranza. I nostri fratelli e sorelle sono alla presenza di Dio e anche noi saremo l\u00ec, per pura grazia del Signore, se cammineremo sulla strada di Ges\u00f9. Conclude l\u2019Apostolo Giovanni: \u00abChiunque ha questa speranza in lui, purifica se stesso\u00bb (v.3). Anche la speranza ci purifica, ci alleggerisce; questa purificazione nella speranza in Ges\u00f9 Cristo ci fa andare in fretta, prontamente. In questo pre-tramonto d\u2019oggi, ognuno di noi pu\u00f2 pensare al tramonto della sua vita: \u201cCome sar\u00e0 il mio tramonto?\u201d. Tutti noi avremo un tramonto, tutti! Lo guardo con speranza? Lo guardo con quella gioia di essere accolto dal Signore? Questo \u00e8 un pensiero cristiano, che ci da pace. Oggi \u00e8 un giorno di gioia, ma di una gioia serena, tranquilla, della gioia della pace. Pensiamo al tramonto di tanti fratelli e sorelle che ci hanno preceduto, pensiamo al nostro tramonto, quando verr\u00e0. E pensiamo al nostro cuore e domandiamoci: \u201cDove \u00e8 ancorato il mio cuore?\u201d. Se non fosse ancorato bene, ancoriamolo l\u00e0, in quella riva, sapendo che la speranza non delude perch\u00e9 il Signore Ges\u00f9 non delude.<\/p>\n<ul>\n<li><a href=\"http:\/\/www.vatican.va\/holy_father\/francesco\/homilies\/2013\/documents\/papa-francesco_20131101_omelia-ognissanti_it.html\">Fonte<\/a> <em>\u00a9 Copyright 2013 &#8211; Libreria Editrice Vaticana<\/em><\/li>\n<li><a href=\"http:\/\/player.rv.va\/vaticanplayer.asp?language=it&amp;tic=VA_OA3BUDR1\" target=\"_blank\"><em>Link al Video<\/em><\/a><\/li>\n<\/ul>\n<\/blockquote>\n<p><img loading=\"lazy\" decoding=\"async\" class=\"alignnone size-full wp-image-25340\" style=\"margin-bottom: -35px;\" title=\"ascolta-il-podcast\" alt=\"\" src=\"http:\/\/www.cercoiltuovolto.it\/wp-content\/uploads\/2012\/09\/ascolta-il-podcast.png\" width=\"277\" height=\"77\" \/><\/p>\n<div class=\"powerpressbox\">[powerpress]<\/div>\n<p style=\"text-align: justify;\"><strong>Fonte<\/strong>: Radio Vaticana via FeedRss<\/p>\n<p style=\"text-align: justify;\"><span style=\"font-size: xx-small;\"><em>(The content of this podcast is copyrighted by Vatican Radio which, according to its statute, is entrusted to manage and protect the sound recordings of the Roman Pontiff, ensuring that their pastoral character and intellectual property&#8217;s rights are protected when used by third parties. The content of this podcast is made available only for personal and private use and cannot be exploited for commercial purposes, without prior written authorization by Vatican Radio. For further information, please contact the International Relation Office at relint@vatiradio.va)<\/em><\/span><\/p>\n","protected":false},"excerpt":{"rendered":"<p>A quest\u2019ora, prima del tramonto, in questo cimitero ci raccogliamo e pensiamo al nostro futuro, pensiamo a tutti quelli che se ne sono andati, che ci hanno preceduto nella vita e sono nel Signore. E\u2019 tanto bella quella visione del Cielo che abbiamo sentito nella prima Lettura: il Signore Dio, la bellezza, la bont\u00e0, la&#8230;<\/p>\n","protected":false},"author":3,"featured_media":0,"comment_status":"closed","ping_status":"closed","sticky":false,"template":"","format":"standard","meta":{"_kad_post_transparent":"","_kad_post_title":"","_kad_post_layout":"","_kad_post_sidebar_id":"","_kad_post_content_style":"","_kad_post_vertical_padding":"","_kad_post_feature":"","_kad_post_feature_position":"","_kad_post_header":false,"_kad_post_footer":false,"_kad_post_classname":"","footnotes":""},"categories":[103,685],"tags":[501,9],"class_list":["post-235018","post","type-post","status-publish","format-standard","hentry","category-103","category-francesco","tag-omelia","tag-vaticano"],"_links":{"self":[{"href":"https:\/\/archivio.cercoiltuovolto.it\/index.php?rest_route=\/wp\/v2\/posts\/235018","targetHints":{"allow":["GET"]}}],"collection":[{"href":"https:\/\/archivio.cercoiltuovolto.it\/index.php?rest_route=\/wp\/v2\/posts"}],"about":[{"href":"https:\/\/archivio.cercoiltuovolto.it\/index.php?rest_route=\/wp\/v2\/types\/post"}],"author":[{"embeddable":true,"href":"https:\/\/archivio.cercoiltuovolto.it\/index.php?rest_route=\/wp\/v2\/users\/3"}],"replies":[{"embeddable":true,"href":"https:\/\/archivio.cercoiltuovolto.it\/index.php?rest_route=%2Fwp%2Fv2%2Fcomments&post=235018"}],"version-history":[{"count":0,"href":"https:\/\/archivio.cercoiltuovolto.it\/index.php?rest_route=\/wp\/v2\/posts\/235018\/revisions"}],"wp:attachment":[{"href":"https:\/\/archivio.cercoiltuovolto.it\/index.php?rest_route=%2Fwp%2Fv2%2Fmedia&parent=235018"}],"wp:term":[{"taxonomy":"category","embeddable":true,"href":"https:\/\/archivio.cercoiltuovolto.it\/index.php?rest_route=%2Fwp%2Fv2%2Fcategories&post=235018"},{"taxonomy":"post_tag","embeddable":true,"href":"https:\/\/archivio.cercoiltuovolto.it\/index.php?rest_route=%2Fwp%2Fv2%2Ftags&post=235018"}],"curies":[{"name":"wp","href":"https:\/\/api.w.org\/{rel}","templated":true}]}}