{"id":235016,"date":"2013-10-31T23:11:34","date_gmt":"2013-10-31T23:11:34","guid":{"rendered":"https:\/\/archivio.cercoiltuovolto.it\/?p=235016"},"modified":"2013-10-31T23:11:34","modified_gmt":"2013-10-31T23:11:34","slug":"il-castello-interiore-di-teresa-davila","status":"publish","type":"post","link":"https:\/\/archivio.cercoiltuovolto.it\/?p=235016","title":{"rendered":"Il castello interiore di Teresa d&#8217;Avila"},"content":{"rendered":"<p style=\"text-align: justify;\"><img loading=\"lazy\" decoding=\"async\" class=\"alignleft size-full wp-image-29513\" alt=\"Il castello interiore\" src=\"http:\/\/www.cercoiltuovolto.it\/wp-content\/uploads\/2013\/10\/Il-castello-interiore.jpg\" width=\"98\" height=\"147\" \/>Il celebre itinerario dell&#8217;anima nella sue 7 dimore interiori, alla ricerca dell&#8217;unione perfetta con Dio, che abita nel profondo di noi stessi. Santa Teresa D&#8217;Avila scrive per le sue consorelle e le istruisce, come una buona e paziente maestra, sulla preghiera e sulle sue difficolt\u00e0 e consolazioni. L&#8217;opera spicca per la sua attualit\u00e0 e si propone ancora oggi ai credenti come guida sicura per una spiritualit\u00e0 solida e profonda. Pubblicazione adatta a tutti coloro che sono interessati ad accedere alle fonti della spiritualit\u00e0 cristiana e ad entrare &#8220;in dialogo&#8221; con una grande maestra.<\/p>\n<p style=\"text-align: justify;\">\n<div class=\"entry-content-asset videofit\"><iframe loading=\"lazy\" title=\"SANTA TERESA D&amp;apos;AVILA, Il castello interiore, Paoline Edizioni, luglio 2005\" width=\"720\" height=\"405\" src=\"https:\/\/www.youtube.com\/embed\/f1LkRkslYis?feature=oembed\" frameborder=\"0\" allow=\"accelerometer; autoplay; clipboard-write; encrypted-media; gyroscope; picture-in-picture; web-share\" referrerpolicy=\"strict-origin-when-cross-origin\" allowfullscreen><\/iframe><\/div>\n<\/p>\n<p class=\"acquista-paragrafo\"><a href=\"http:\/\/www.libreriadelsanto.it\/libri\/9788831528948\/il-castello-interiore.html?p=sot\" target=\"_blank\">Acquista il libro<\/a> su Libreria del Santo<\/p>\n","protected":false},"excerpt":{"rendered":"<p>Il celebre itinerario dell&#8217;anima nella sue 7 dimore interiori, alla ricerca dell&#8217;unione perfetta con Dio, che abita nel profondo di noi stessi. Santa Teresa D&#8217;Avila scrive per le sue consorelle e le istruisce, come una buona e paziente maestra, sulla preghiera e sulle sue difficolt\u00e0 e consolazioni. L&#8217;opera spicca per la sua attualit\u00e0 e si&#8230;<\/p>\n","protected":false},"author":3,"featured_media":0,"comment_status":"closed","ping_status":"closed","sticky":false,"template":"","format":"standard","meta":{"_kad_post_transparent":"","_kad_post_title":"","_kad_post_layout":"","_kad_post_sidebar_id":"","_kad_post_content_style":"","_kad_post_vertical_padding":"","_kad_post_feature":"","_kad_post_feature_position":"","_kad_post_header":false,"_kad_post_footer":false,"_kad_post_classname":"","footnotes":""},"categories":[103,539],"tags":[17],"class_list":["post-235016","post","type-post","status-publish","format-standard","hentry","category-103","category-anima","tag-libri"],"_links":{"self":[{"href":"https:\/\/archivio.cercoiltuovolto.it\/index.php?rest_route=\/wp\/v2\/posts\/235016","targetHints":{"allow":["GET"]}}],"collection":[{"href":"https:\/\/archivio.cercoiltuovolto.it\/index.php?rest_route=\/wp\/v2\/posts"}],"about":[{"href":"https:\/\/archivio.cercoiltuovolto.it\/index.php?rest_route=\/wp\/v2\/types\/post"}],"author":[{"embeddable":true,"href":"https:\/\/archivio.cercoiltuovolto.it\/index.php?rest_route=\/wp\/v2\/users\/3"}],"replies":[{"embeddable":true,"href":"https:\/\/archivio.cercoiltuovolto.it\/index.php?rest_route=%2Fwp%2Fv2%2Fcomments&post=235016"}],"version-history":[{"count":0,"href":"https:\/\/archivio.cercoiltuovolto.it\/index.php?rest_route=\/wp\/v2\/posts\/235016\/revisions"}],"wp:attachment":[{"href":"https:\/\/archivio.cercoiltuovolto.it\/index.php?rest_route=%2Fwp%2Fv2%2Fmedia&parent=235016"}],"wp:term":[{"taxonomy":"category","embeddable":true,"href":"https:\/\/archivio.cercoiltuovolto.it\/index.php?rest_route=%2Fwp%2Fv2%2Fcategories&post=235016"},{"taxonomy":"post_tag","embeddable":true,"href":"https:\/\/archivio.cercoiltuovolto.it\/index.php?rest_route=%2Fwp%2Fv2%2Ftags&post=235016"}],"curies":[{"name":"wp","href":"https:\/\/api.w.org\/{rel}","templated":true}]}}