{"id":235000,"date":"2013-10-28T23:49:15","date_gmt":"2013-10-28T23:49:15","guid":{"rendered":"https:\/\/archivio.cercoiltuovolto.it\/?p=235000"},"modified":"2013-10-28T23:49:15","modified_gmt":"2013-10-28T23:49:15","slug":"papa-francesco-come-va-la-gioia-in-famiglia","status":"publish","type":"post","link":"https:\/\/archivio.cercoiltuovolto.it\/?p=235000","title":{"rendered":"Papa Francesco: &#8220;Come va la gioia in famiglia?&#8221;"},"content":{"rendered":"<p style=\"text-align: justify;\">&#8220;Quel sabato per noi \u00e8 stato un giorno di festa, preghiera e riflessione. Festa, gioia e entusiasmo di tante giovani coppie giunte da tutto il mondo per salutare Francesco e anche dei 50 anziani delle Acli, sul sagrato della Basilica vaticana in rappresentanza dei nonni di tutt&#8217;Italia. L&#8217;incontro con il Papa \u00e8 stato per tutti noi un&#8217;occasione per tornare a riflettere sulla famiglia come luogo privilegiato per la trasmissione della fede&#8221;. Cos\u00ec, Santino Scir\u00e8, vicepresidente nazionale delle Acli e responsabile del settore famiglia, racconta le emozioni della grande Festa delle famiglie, celebrata sabato 26 ottobre in piazza S. Pietro da circa 200mila persone provenienti da 75 paesi dei 5 continenti. &#8220;Come va la gioia a casa vostra?&#8221;, ha poi domandato il Papa alle famiglie presenti in piazza S. Pietro durante la Santa Messa per le famiglie, domenica 27. &#8220;E&#8217; una domanda che ci ha sorpreso e ci ha commosso&#8221;, spiega Adria Vattuone, di &#8216;Crescere in famiglia&#8217;, apostolato del movimento Regnum Christi e dei Legionari di Cristo. &#8220;Uno degli obiettivi del nostro apostolato \u00e8 infatti proprio quello di portare al mondo un&#8217;immagine nuova della famiglia, proprio in questo momento che ha tante difficolt\u00e0. Vogliamo mostrare a tutti che la gioia della fede ti aiuta e ti cambia la vita. E ci d\u00e0 la possibilit\u00e0 di raggiungere la felicit\u00e0 anche su questa terra, nonostante tutte le difficolt\u00e0 che dobbiamo incontrare. Alle volte noi cristiani siamo troppo tristi, dobbiamo invece imparare ad esprimere la gioia che nasce dalla fede&#8221;. Il Papa ha anche recitato una speciale preghiera per questa occasione, dedicata alla Santa Famiglia, in cui si ribadisce il &#8220;carattere sacro e inviolabile&#8221; della famiglia, &#8220;bene inestimabile e insostituibile&#8221;. &#8220;Un&#8217;indagine appena condotta dimostra che per la popolazione italiana le prime reti a cui affidarsi in caso di necessit\u00e0 restano di gran lunga la famiglia e la rete parentale&#8221;, spiega il sociologo Daniele Marini, dell&#8217;Universit\u00e0 di Padova. &#8220;Proprio in tempo di crisi la famiglia rimane negli anni l&#8217;ancora di salvataggio favorita, la migliore rete di protezione, ruolo accentuato anche dalle difficolt\u00e0 delle istituzioni pubbliche, anche se non valorizzato dalla politica. Quindi non solo il luogo privilegiato degli affetti ma anche un pezzo fondamentale del nostro sistema di welfare&#8221;.<\/p>\n<p>(A cura di Fabio Colagrande)<\/p>\n","protected":false},"excerpt":{"rendered":"<p>&#8220;Quel sabato per noi \u00e8 stato un giorno di festa, preghiera e riflessione. Festa, gioia e entusiasmo di tante giovani coppie giunte da tutto il mondo per salutare Francesco e anche dei 50 anziani delle Acli, sul sagrato della Basilica vaticana in rappresentanza dei nonni di tutt&#8217;Italia. L&#8217;incontro con il Papa \u00e8 stato per tutti&#8230;<\/p>\n","protected":false},"author":3,"featured_media":0,"comment_status":"closed","ping_status":"closed","sticky":false,"template":"","format":"standard","meta":{"_kad_post_transparent":"","_kad_post_title":"","_kad_post_layout":"","_kad_post_sidebar_id":"","_kad_post_content_style":"","_kad_post_vertical_padding":"","_kad_post_feature":"","_kad_post_feature_position":"","_kad_post_header":false,"_kad_post_footer":false,"_kad_post_classname":"","footnotes":""},"categories":[103,4],"tags":[637,698],"class_list":["post-235000","post","type-post","status-publish","format-standard","hentry","category-103","category-audio-cattolici","tag-matrimonio","tag-papa-francesco"],"_links":{"self":[{"href":"https:\/\/archivio.cercoiltuovolto.it\/index.php?rest_route=\/wp\/v2\/posts\/235000","targetHints":{"allow":["GET"]}}],"collection":[{"href":"https:\/\/archivio.cercoiltuovolto.it\/index.php?rest_route=\/wp\/v2\/posts"}],"about":[{"href":"https:\/\/archivio.cercoiltuovolto.it\/index.php?rest_route=\/wp\/v2\/types\/post"}],"author":[{"embeddable":true,"href":"https:\/\/archivio.cercoiltuovolto.it\/index.php?rest_route=\/wp\/v2\/users\/3"}],"replies":[{"embeddable":true,"href":"https:\/\/archivio.cercoiltuovolto.it\/index.php?rest_route=%2Fwp%2Fv2%2Fcomments&post=235000"}],"version-history":[{"count":0,"href":"https:\/\/archivio.cercoiltuovolto.it\/index.php?rest_route=\/wp\/v2\/posts\/235000\/revisions"}],"wp:attachment":[{"href":"https:\/\/archivio.cercoiltuovolto.it\/index.php?rest_route=%2Fwp%2Fv2%2Fmedia&parent=235000"}],"wp:term":[{"taxonomy":"category","embeddable":true,"href":"https:\/\/archivio.cercoiltuovolto.it\/index.php?rest_route=%2Fwp%2Fv2%2Fcategories&post=235000"},{"taxonomy":"post_tag","embeddable":true,"href":"https:\/\/archivio.cercoiltuovolto.it\/index.php?rest_route=%2Fwp%2Fv2%2Ftags&post=235000"}],"curies":[{"name":"wp","href":"https:\/\/api.w.org\/{rel}","templated":true}]}}