{"id":234994,"date":"2013-10-28T13:02:09","date_gmt":"2013-10-28T13:02:09","guid":{"rendered":"https:\/\/archivio.cercoiltuovolto.it\/?p=234994"},"modified":"2013-10-28T13:02:09","modified_gmt":"2013-10-28T13:02:09","slug":"la-cresima-raccontare-ai-ragazzi-la-forza-della-confermazione","status":"publish","type":"post","link":"https:\/\/archivio.cercoiltuovolto.it\/?p=234994","title":{"rendered":"La Cresima: raccontare ai ragazzi la forza della Confermazione"},"content":{"rendered":"<p style=\"text-align: justify;\">La preparazione al sacramento della Confermazione avviene in una fase critica dello sviluppo umano. Ragazzi e ragazze non sono pi\u00f9 bambini, ma sono ancora ben lontani dall&#8217;essere uomini e donne. E&#8217; l&#8217;inizio dell&#8217;adolescenza, momento delicatissimo in cui le certezze infantili vacillano, ed inizia una ricerca affannosa di s\u00e9 stessi e del senso dell&#8217;esistenza, spesso e volentieri attraverso una messa in discussione ed un rifiuto di autorit\u00e0 e valori precostituiti.<br \/>Parlare al cuore di questi ragazzi \u00e8 certamente una sfida grande, ma \u00e8 anche e soprattutto un servizio di immenso valore, perch\u00e9 Cristo pu\u00f2 veramente realizzare le loro aspettative pi\u00f9 profonde.\u00a0<br \/>In questa serie di video, realizzati dall&#8217;Ufficio catechistico della diocesi di Roma, viene proposto un metodo efficace e consolidato per affrontare l&#8217;immensa sfida rappresentata dalle catechesi per la preparazione alle cresime.<\/p>\n<p><div class=\"entry-content-asset videofit\"><iframe loading=\"lazy\" title=\"CRESIME 1. RACCONTARE AI RAGAZZI LA FORZA DELLA CONFERMAZIONE - prima parte\" width=\"720\" height=\"405\" src=\"https:\/\/www.youtube.com\/embed\/lYXhzyHPjg4?feature=oembed\" frameborder=\"0\" allow=\"accelerometer; autoplay; clipboard-write; encrypted-media; gyroscope; picture-in-picture; web-share\" referrerpolicy=\"strict-origin-when-cross-origin\" allowfullscreen><\/iframe><\/div>\n<\/p>\n<ul>\n<li>Con don Andrea Lonardo, padre Maurizio Botta, Tommaso Spinelli<\/li>\n<li>Regia e montaggio: Alessandro Franchi<\/li>\n<li>Riprese: Piermatteo Pugnali<\/li>\n<\/ul>\n","protected":false},"excerpt":{"rendered":"<p>La preparazione al sacramento della Confermazione avviene in una fase critica dello sviluppo umano. Ragazzi e ragazze non sono pi\u00f9 bambini, ma sono ancora ben lontani dall&#8217;essere uomini e donne. E&#8217; l&#8217;inizio dell&#8217;adolescenza, momento delicatissimo in cui le certezze infantili vacillano, ed inizia una ricerca affannosa di s\u00e9 stessi e del senso dell&#8217;esistenza, spesso e&#8230;<\/p>\n","protected":false},"author":3,"featured_media":0,"comment_status":"closed","ping_status":"closed","sticky":false,"template":"","format":"standard","meta":{"_kad_post_transparent":"","_kad_post_title":"","_kad_post_layout":"","_kad_post_sidebar_id":"","_kad_post_content_style":"","_kad_post_vertical_padding":"","_kad_post_feature":"","_kad_post_feature_position":"","_kad_post_header":false,"_kad_post_footer":false,"_kad_post_classname":"","footnotes":""},"categories":[103,705],"tags":[437,327,279],"class_list":["post-234994","post","type-post","status-publish","format-standard","hentry","category-103","category-confermazione","tag-cresima","tag-ragazzi","tag-sacramenti"],"_links":{"self":[{"href":"https:\/\/archivio.cercoiltuovolto.it\/index.php?rest_route=\/wp\/v2\/posts\/234994","targetHints":{"allow":["GET"]}}],"collection":[{"href":"https:\/\/archivio.cercoiltuovolto.it\/index.php?rest_route=\/wp\/v2\/posts"}],"about":[{"href":"https:\/\/archivio.cercoiltuovolto.it\/index.php?rest_route=\/wp\/v2\/types\/post"}],"author":[{"embeddable":true,"href":"https:\/\/archivio.cercoiltuovolto.it\/index.php?rest_route=\/wp\/v2\/users\/3"}],"replies":[{"embeddable":true,"href":"https:\/\/archivio.cercoiltuovolto.it\/index.php?rest_route=%2Fwp%2Fv2%2Fcomments&post=234994"}],"version-history":[{"count":0,"href":"https:\/\/archivio.cercoiltuovolto.it\/index.php?rest_route=\/wp\/v2\/posts\/234994\/revisions"}],"wp:attachment":[{"href":"https:\/\/archivio.cercoiltuovolto.it\/index.php?rest_route=%2Fwp%2Fv2%2Fmedia&parent=234994"}],"wp:term":[{"taxonomy":"category","embeddable":true,"href":"https:\/\/archivio.cercoiltuovolto.it\/index.php?rest_route=%2Fwp%2Fv2%2Fcategories&post=234994"},{"taxonomy":"post_tag","embeddable":true,"href":"https:\/\/archivio.cercoiltuovolto.it\/index.php?rest_route=%2Fwp%2Fv2%2Ftags&post=234994"}],"curies":[{"name":"wp","href":"https:\/\/api.w.org\/{rel}","templated":true}]}}