{"id":234969,"date":"2013-10-13T21:48:51","date_gmt":"2013-10-13T21:48:51","guid":{"rendered":"https:\/\/archivio.cercoiltuovolto.it\/?p=234969"},"modified":"2013-10-13T21:48:51","modified_gmt":"2013-10-13T21:48:51","slug":"papa-francesco-angelus-del-13-ottobre-2013-in-mp3","status":"publish","type":"post","link":"https:\/\/archivio.cercoiltuovolto.it\/?p=234969","title":{"rendered":"Papa Francesco &#8211; Angelus del 13 ottobre 2013 in mp3"},"content":{"rendered":"<blockquote>\n<p><i>Cari fratelli e sorelle,<\/i><\/p>\n<p>oggi, a Tarragona, in Spagna, vengono proclamati Beati circa cinquecento martiri, uccisi per la loro fede durante la guerra civile spagnola degli anni Trenta del secolo scorso. Lodiamo il Signore per questi suoi coraggiosi testimoni, e per loro intercessione supplichiamolo di liberare il mondo da ogni violenza.<\/p>\n<p>Ringrazio tutti voi che siete venuti numerosi da Roma, dall\u2019Italia e da tante parti del mondo per questa festa della fede dedicata a Maria nostra Madre.<\/p>\n<p>Saludo con afecto al grupo de paname\u00f1os que se encuentran hoy en Roma y los conf\u00edo a la protecci\u00f3n de Nuestra Se\u00f1ora de la Antigua, celestial patrona de esa querida naci\u00f3n.<\/p>\n<p>Saluto i bambini dell\u2019Orchestra Internazionale per la Pace \u201cPiccole Impronte\u201d, e l\u2019Associazione Nazionale Mutilati e Invalidi del Lavoro.<\/p>\n<p>Saluto i giovani di Roma che nei giorni scorsi si sono impegnati nella missione \u201cGes\u00f9 al centro\u201d: siate sempre missionari del Vangelo, ogni giorno e in ogni luogo! E volentieri rivolgo un saluto anche ai detenuti del carcere di Castrovillari.<\/p>\n<p>Ed ora preghiamo insieme l\u2019<a name=\"_GoBack\"><\/a><i>Angelus<\/i>:\u00a0<i>Angelus Domini<\/i>\u2026<\/p>\n<p>Vi auguro buona domenica, buon pranzo. E arrivederci!<\/p>\n<ul>\n<li><a href=\"http:\/\/www.vatican.va\/holy_father\/francesco\/angelus\/2013\/documents\/papa-francesco_angelus_20131013_it.html\">Fonte<\/a> <em>\u00a9 Copyright 2013 &#8211; Libreria Editrice Vaticana<\/em><\/li>\n<li><a href=\"http:\/\/player.rv.va\/vaticanplayer.asp?language=it&amp;tic=VA_IB4585UH\" target=\"_blank\"><em>Link al Video<\/em><\/a><\/li>\n<\/ul>\n<\/blockquote>\n<p><img loading=\"lazy\" decoding=\"async\" class=\"alignnone size-full wp-image-25340\" style=\"margin-bottom: -35px;\" title=\"ascolta-il-podcast\" alt=\"\" src=\"http:\/\/www.cercoiltuovolto.it\/wp-content\/uploads\/2012\/09\/ascolta-il-podcast.png\" width=\"277\" height=\"77\" \/><\/p>\n<div class=\"powerpressbox\">[powerpress]<\/div>\n<p style=\"text-align: justify;\"><strong>Fonte<\/strong>: Radio Vaticana via FeedRss<\/p>\n<p style=\"text-align: justify;\"><span style=\"font-size: xx-small;\"><em>(The content of this podcast is copyrighted by Vatican Radio which, according to its statute, is entrusted to manage and protect the sound recordings of the Roman Pontiff, ensuring that their pastoral character and intellectual property&#8217;s rights are protected when used by third parties. The content of this podcast is made available only for personal and private use and cannot be exploited for commercial purposes, without prior written authorization by Vatican Radio. For further information, please contact the International Relation Office at relint@vatiradio.va)<\/em><\/span><\/p>\n","protected":false},"excerpt":{"rendered":"<p>Cari fratelli e sorelle, oggi, a Tarragona, in Spagna, vengono proclamati Beati circa cinquecento martiri, uccisi per la loro fede durante la guerra civile spagnola degli anni Trenta del secolo scorso. Lodiamo il Signore per questi suoi coraggiosi testimoni, e per loro intercessione supplichiamolo di liberare il mondo da ogni violenza. Ringrazio tutti voi che&#8230;<\/p>\n","protected":false},"author":3,"featured_media":0,"comment_status":"closed","ping_status":"closed","sticky":false,"template":"","format":"standard","meta":{"_kad_post_transparent":"","_kad_post_title":"","_kad_post_layout":"","_kad_post_sidebar_id":"","_kad_post_content_style":"","_kad_post_vertical_padding":"","_kad_post_feature":"","_kad_post_feature_position":"","_kad_post_header":false,"_kad_post_footer":false,"_kad_post_classname":"","footnotes":""},"categories":[103,114],"tags":[684,9],"class_list":["post-234969","post","type-post","status-publish","format-standard","hentry","category-103","category-angelus","tag-francesco","tag-vaticano"],"_links":{"self":[{"href":"https:\/\/archivio.cercoiltuovolto.it\/index.php?rest_route=\/wp\/v2\/posts\/234969","targetHints":{"allow":["GET"]}}],"collection":[{"href":"https:\/\/archivio.cercoiltuovolto.it\/index.php?rest_route=\/wp\/v2\/posts"}],"about":[{"href":"https:\/\/archivio.cercoiltuovolto.it\/index.php?rest_route=\/wp\/v2\/types\/post"}],"author":[{"embeddable":true,"href":"https:\/\/archivio.cercoiltuovolto.it\/index.php?rest_route=\/wp\/v2\/users\/3"}],"replies":[{"embeddable":true,"href":"https:\/\/archivio.cercoiltuovolto.it\/index.php?rest_route=%2Fwp%2Fv2%2Fcomments&post=234969"}],"version-history":[{"count":0,"href":"https:\/\/archivio.cercoiltuovolto.it\/index.php?rest_route=\/wp\/v2\/posts\/234969\/revisions"}],"wp:attachment":[{"href":"https:\/\/archivio.cercoiltuovolto.it\/index.php?rest_route=%2Fwp%2Fv2%2Fmedia&parent=234969"}],"wp:term":[{"taxonomy":"category","embeddable":true,"href":"https:\/\/archivio.cercoiltuovolto.it\/index.php?rest_route=%2Fwp%2Fv2%2Fcategories&post=234969"},{"taxonomy":"post_tag","embeddable":true,"href":"https:\/\/archivio.cercoiltuovolto.it\/index.php?rest_route=%2Fwp%2Fv2%2Ftags&post=234969"}],"curies":[{"name":"wp","href":"https:\/\/api.w.org\/{rel}","templated":true}]}}