{"id":234951,"date":"2013-09-29T22:20:53","date_gmt":"2013-09-29T22:20:53","guid":{"rendered":"https:\/\/archivio.cercoiltuovolto.it\/?p=234951"},"modified":"2013-09-29T22:20:53","modified_gmt":"2013-09-29T22:20:53","slug":"papa-francesco-angelus-del-29-settembre-2013-in-mp3","status":"publish","type":"post","link":"https:\/\/archivio.cercoiltuovolto.it\/?p=234951","title":{"rendered":"Papa Francesco &#8211; Angelus del 29 settembre 2013 in mp3"},"content":{"rendered":"<blockquote>\n<p><i>Cari fratelli e sorelle,<\/i><\/p>\n<p>prima di concludere\u00a0<a href=\"http:\/\/www.vatican.va\/holy_father\/francesco\/homilies\/2013\/documents\/papa-francesco_20130929_giornata-catechisti_it.html\">questa celebrazione<\/a>, voglio salutarvi tutti e ringraziarvi della vostra partecipazione, specialmente i catechisti venuti da tante parti del mondo.<\/p>\n<p>Un saluto particolare rivolgo al mio Fratello Sua Beatitudine Youhanna X, Patriarca greco ortodosso di Antiochia e di tutto l\u2019Oriente. La sua presenza ci invita a pregare ancora una volta per la pace in Siria e nel Medio Oriente.<\/p>\n<p>Saluto i pellegrini venuti da Assisi a cavallo; come pure il Club Alpino Italiano, nel 150\u00b0 della sua fondazione.<\/p>\n<p>Saludo con afecto a los peregrinos de Nicaragua, recordando que los pastores y fieles de esa querida Naci\u00f3n celebran con alegr\u00eda el centenario de la fundaci\u00f3n can\u00f3nica de la Provincia eclesi\u00e1stica.<\/p>\n<p>Con gioia ricordiamo che ieri, in Croazia, \u00e8 stato proclamato Beato Miroslav Bule\u0161i\u0107, sacerdote diocesano, morto martire nel 1947. Lodiamo il Signore, che dona agli inermi la forza dell\u2019estrema testimonianza.<\/p>\n<p>Ci rivolgiamo ora a Maria con la preghiera dell\u2019<i>Angelus<\/i>.<\/p>\n<ul>\n<li><a href=\"http:\/\/www.vatican.va\/holy_father\/francesco\/angelus\/2013\/documents\/papa-francesco_angelus_20130929_it.html\">Fonte<\/a> <em>\u00a9 Copyright 2013 &#8211; Libreria Editrice Vaticana<\/em><\/li>\n<li><a href=\"http:\/\/player.rv.va\/vaticanplayer.asp?language=it&amp;tic=VA_OEOUBKTL\" target=\"_blank\"><em>Link al Video<\/em><\/a><\/li>\n<li><a title=\"Papa Francesco \u2013 Omelia del 29 settembre 2013 in mp3 \u2013 Santa Messa Giornata dei Catechisti\" href=\"http:\/\/www.cercoiltuovolto.it\/2013\/vaticano\/papa-francesco-omelia-del-29-settembre-2013-in-mp3-santa-messa-giornata-dei-catechisti\/\">Link all&#8217;Omelia<\/a><\/li>\n<\/ul>\n<\/blockquote>\n<p><img loading=\"lazy\" decoding=\"async\" class=\"alignnone size-full wp-image-25340\" style=\"margin-bottom: -35px;\" title=\"ascolta-il-podcast\" alt=\"\" src=\"http:\/\/www.cercoiltuovolto.it\/wp-content\/uploads\/2012\/09\/ascolta-il-podcast.png\" width=\"277\" height=\"77\" \/><\/p>\n<div class=\"powerpressbox\">[powerpress]<\/div>\n<p style=\"text-align: justify;\"><strong>Fonte<\/strong>: Radio Vaticana via FeedRss<\/p>\n<p style=\"text-align: justify;\"><span style=\"font-size: xx-small;\"><em>(The content of this podcast is copyrighted by Vatican Radio which, according to its statute, is entrusted to manage and protect the sound recordings of the Roman Pontiff, ensuring that their pastoral character and intellectual property&#8217;s rights are protected when used by third parties. The content of this podcast is made available only for personal and private use and cannot be exploited for commercial purposes, without prior written authorization by Vatican Radio. For further information, please contact the International Relation Office at relint@vatiradio.va)<\/em><\/span><\/p>\n","protected":false},"excerpt":{"rendered":"<p>Cari fratelli e sorelle, prima di concludere\u00a0questa celebrazione, voglio salutarvi tutti e ringraziarvi della vostra partecipazione, specialmente i catechisti venuti da tante parti del mondo. Un saluto particolare rivolgo al mio Fratello Sua Beatitudine Youhanna X, Patriarca greco ortodosso di Antiochia e di tutto l\u2019Oriente. La sua presenza ci invita a pregare ancora una volta&#8230;<\/p>\n","protected":false},"author":3,"featured_media":0,"comment_status":"closed","ping_status":"closed","sticky":false,"template":"","format":"standard","meta":{"_kad_post_transparent":"","_kad_post_title":"","_kad_post_layout":"","_kad_post_sidebar_id":"","_kad_post_content_style":"","_kad_post_vertical_padding":"","_kad_post_feature":"","_kad_post_feature_position":"","_kad_post_header":false,"_kad_post_footer":false,"_kad_post_classname":"","footnotes":""},"categories":[103,114],"tags":[684,9],"class_list":["post-234951","post","type-post","status-publish","format-standard","hentry","category-103","category-angelus","tag-francesco","tag-vaticano"],"_links":{"self":[{"href":"https:\/\/archivio.cercoiltuovolto.it\/index.php?rest_route=\/wp\/v2\/posts\/234951","targetHints":{"allow":["GET"]}}],"collection":[{"href":"https:\/\/archivio.cercoiltuovolto.it\/index.php?rest_route=\/wp\/v2\/posts"}],"about":[{"href":"https:\/\/archivio.cercoiltuovolto.it\/index.php?rest_route=\/wp\/v2\/types\/post"}],"author":[{"embeddable":true,"href":"https:\/\/archivio.cercoiltuovolto.it\/index.php?rest_route=\/wp\/v2\/users\/3"}],"replies":[{"embeddable":true,"href":"https:\/\/archivio.cercoiltuovolto.it\/index.php?rest_route=%2Fwp%2Fv2%2Fcomments&post=234951"}],"version-history":[{"count":0,"href":"https:\/\/archivio.cercoiltuovolto.it\/index.php?rest_route=\/wp\/v2\/posts\/234951\/revisions"}],"wp:attachment":[{"href":"https:\/\/archivio.cercoiltuovolto.it\/index.php?rest_route=%2Fwp%2Fv2%2Fmedia&parent=234951"}],"wp:term":[{"taxonomy":"category","embeddable":true,"href":"https:\/\/archivio.cercoiltuovolto.it\/index.php?rest_route=%2Fwp%2Fv2%2Fcategories&post=234951"},{"taxonomy":"post_tag","embeddable":true,"href":"https:\/\/archivio.cercoiltuovolto.it\/index.php?rest_route=%2Fwp%2Fv2%2Ftags&post=234951"}],"curies":[{"name":"wp","href":"https:\/\/api.w.org\/{rel}","templated":true}]}}