{"id":234949,"date":"2013-09-29T14:24:18","date_gmt":"2013-09-29T14:24:18","guid":{"rendered":"https:\/\/archivio.cercoiltuovolto.it\/?p=234949"},"modified":"2013-09-29T14:24:18","modified_gmt":"2013-09-29T14:24:18","slug":"mons-fisichella-presenta-tre-eventi-dellanno-della-fede-e-una-app-dedicata-ai-catechisti","status":"publish","type":"post","link":"https:\/\/archivio.cercoiltuovolto.it\/?p=234949","title":{"rendered":"Mons. Fisichella presenta tre eventi dell&#8217;Anno della Fede e una App dedicata ai catechisti"},"content":{"rendered":"<p style=\"text-align: justify;\"><a href=\"http:\/\/www.cercoiltuovolto.it\/wp-content\/uploads\/2013\/09\/26592557cec344d5b5b242a1353cc260_M.jpg\"><img loading=\"lazy\" decoding=\"async\" class=\"alignleft size-full wp-image-29111\" alt=\"26592557cec344d5b5b242a1353cc260_M\" src=\"http:\/\/www.cercoiltuovolto.it\/wp-content\/uploads\/2013\/09\/26592557cec344d5b5b242a1353cc260_M.jpg\" width=\"300\" height=\"199\" \/><\/a>Tre eventi dell\u2019Anno della Fede interamente dedicati ai catechisti: il Consiglio internazionale per la catechesi, il Congresso internazionale di catechesi e la Giornata dei catechisti, dal 25 al 29 settembre prossimi. Li hanno presentati, nella Sala stampa della Santa Sede, l\u2019arcivescovo Rino Fisichella, presidente del Pontificio Consiglio per la Promozione della Nuova Evangelizzazione, mons. Jos\u00e9 Octavio Ruiz Arenas e mons. Graham Bell, rispettivamente segretario e sottosegretario del medesimo dicastero. Il servizio di\u00a0<strong>Giada Aquilino<\/strong>:<\/p>\n<p style=\"text-align: justify;\">[powerpress]<\/p>\n<p style=\"text-align: justify;\">Una tematica \u201cche avrebbe bisogno di vedere recuperato il ruolo rilevante\u201d che ha sempre avuto nella vita della Chiesa fin dai suoi inizi. \u00c8 la catechesi, al centro del relativo Consiglio internazionale, il prossimo 25 settembre, del Congresso internazionale, dal 26 al 28, e della Giornata dei catechisti, sabato 28 e domenica 29. Momenti peculiari degli appuntamenti saranno la catechesi di Papa Francesco il 27 pomeriggio alle 17 in Aula Paolo VI e domenica 29 la celebrazione della Santa Eucaristia alle 10.30, seguita dall\u2019Angelus in Piazza San Pietro.<\/p>\n<p style=\"text-align: justify;\">L\u2019arcivescovo Rino Fisichella, ricordando che l\u2019Anno della Fede celebra \u201csia la scadenza dei cinquant\u2019anni dell\u2019inizio del Vaticano II, come pure il ventesimo anniversario della pubblicazione del Catechismo della Chiesa cattolica\u201d, ha rimarcato che tra le competenze del Pontificio Consiglio per la Promozione della Nuova Evangelizzazione figurano la promozione dello stesso Catechismo e la giurisdizione \u2013 ereditata dalla Congregazione per il Clero &#8211; su tutta la catechesi. Non \u00e8 escluso, inoltre, che in futuro lo stesso dicastero possa promuovere centri o luoghi di formazione per i catechisti. Un impegno \u201cconsiderevole\u201d riguardo al quale il presule ha annunciato che a breve sar\u00e0 a disposizione gratuita degli utenti una\u00a0<i>App<\/i>\u00a0\u201cCatechismo della Chiesa Cattolica\u201d per tablet e smartphone:<\/p>\n<p style=\"text-align: justify;\"><strong>\u201cSiamo particolarmente contenti di aver raggiunto questo obiettivo &#8211; con il sostegno generoso della Conferenza Episcopale Italiana &#8211; che permetter\u00e0 di avere a portata di mano sia il Catechismo della Chiesa Cattolica\u00a0<\/strong><strong>come il suo Compendio con la possibilit\u00e0 e facilit\u00e0 di consultazione dei testi, dei riferimenti biblici (versione della Bibbia Cei del 1974 e 2010), della ricerca dei termini in questione e dei testi di riferimento, con l\u2019opportunit\u00e0 di un loro trasferimento via facebook, twitter e altro\u201d.<br \/><\/strong><br \/>Uno strumento, ha aggiunto mons. Fisichella, che \u201cviene in aiuto a quanti desiderano conoscere meglio la fede trasmessa nei secoli e il patrimonio di dottrina e spiritualit\u00e0 condensato in quelle pagine\u201d. Un patrimonio negli anni trasmesso anche dai catechisti, oggi operativi in oltre 3 milioni in tutto il mondo, al quale contribuiscono pure i Movimenti, le cui catechesi &#8211; ha spiegato l&#8217;arcivescovo &#8211; &#8220;sono sempre in relazione con quello che \u00e8 il cammino che la Chiesa particolare viene a realizzare&#8221;:<\/p>\n<p style=\"text-align: justify;\"><strong>\u201cAlcune chiese hanno avuto un forte impegno nella formazione dei catechisti. Questo avviene soprattutto per le regioni dell\u2019Africa e per molte zone dell\u2019America Latina. In molti di questi Paesi, i catechisti svolgono realmente un\u2019opera autentica di evangelizzazione e di azione pastorale dove non sono presenti n\u00e9 i sacerdoti, n\u00e9 i diaconi permanenti. Oggi, ci ritroviamo da una parte con un grande impegno delle chiese, delle Conferenze episcopali e delle diocesi, nella formazione dei catechisti e delle catechiste. Vorrei sottolineare il grande impegno che in questo viene messo dalle catechiste: non ho timore ad affermare che la maggioranza delle persone che si impegnano nella catechesi sono certamente le donne. In molti casi, se non ci fosse la presenza qualificante delle donne che aiutano i sacerdoti nella catechesi, noi dovremmo chiudere migliaia di parrocchie, perch\u00e9 non ci sarebbe la forza che viene data, invece, da questo volontariato offerto con grande passione e grande generosit\u00e0 dalle catechiste. Dall\u2019altra parte, sentiamo profondamente il bisogno per\u00f2 di una formazione sempre pi\u00f9 diretta, una formazione che prenda il pi\u00f9 possibile in considerazione gli elementi basilari della catechesi, del suo rinnovamento e anche dei contenuti della fede\u201d.<br \/><\/strong><br \/>I prossimi eventi che avranno come tema caratterizzante l\u2019espressione: \u201cIl catechista testimone della fede\u201d, saranno dunque occasione di verifica e miglioramento del lavoro svolto fin qui. In particolare, la riflessione si soffermer\u00e0 sulla formazione degli adulti, soprattutto a livello europeo:<\/p>\n<p style=\"text-align: justify;\"><strong>\u201cLa catechesi \u00e8 importante nella vita della Chiesa, perch\u00e9 non pu\u00f2 essere confusa con una formazione generica: ha un suo spazio peculiare, perch\u00e9 \u00e8 ci\u00f2 che consente di coniugare la maturazione della fede &#8211; proporzionata e coerente con gli stati e con l\u2019et\u00e0 delle persone &#8211; con la testimonianza della vita. Quindi la catechesi impegna nella vita, non \u00e8 uno studio teorico. \u00c8 l\u2019esigenza che ogni credente \u00e8 opportuno che senta molto viva in s\u00e9 stesso, per coniugare la maturazione nella fede e la testimonianza concreta di vita. Noi constatiamo che questo viene a mancare; ecco perch\u00e9 si parla di un profondo analfabetismo della fede e di una incapacit\u00e0 a sentirsi parte della comunit\u00e0 credente. Certo, durante il Congresso e la riunione internazionale probabilmente avremo bisogno di capire quali nuove metodologie saranno da studiare per consentire un\u2019azione pi\u00f9 efficace della catechesi legata alla vita&#8221;.<\/strong><\/p>\n<p style=\"text-align: justify;\">[<a href=\"http:\/\/www.pccs.va\/index.php\/it\/news2\/attualita\/item\/1713-mons-fisichella-presenta-tre-eventi-e-una-app-dedicata-ai-catechisti\" target=\"_blank\">fonte<\/a>]<\/p>\n","protected":false},"excerpt":{"rendered":"<p>Tre eventi dell\u2019Anno della Fede interamente dedicati ai catechisti: il Consiglio internazionale per la catechesi, il Congresso internazionale di catechesi e la Giornata dei catechisti, dal 25 al 29 settembre prossimi. Li hanno presentati, nella Sala stampa della Santa Sede, l\u2019arcivescovo Rino Fisichella, presidente del Pontificio Consiglio per la Promozione della Nuova Evangelizzazione, mons. Jos\u00e9&#8230;<\/p>\n","protected":false},"author":3,"featured_media":0,"comment_status":"closed","ping_status":"closed","sticky":false,"template":"","format":"standard","meta":{"_kad_post_transparent":"","_kad_post_title":"","_kad_post_layout":"","_kad_post_sidebar_id":"","_kad_post_content_style":"","_kad_post_vertical_padding":"","_kad_post_feature":"","_kad_post_feature_position":"","_kad_post_header":false,"_kad_post_footer":false,"_kad_post_classname":"","footnotes":""},"categories":[103,643],"tags":[115,304],"class_list":["post-234949","post","type-post","status-publish","format-standard","hentry","category-103","category-anno-della-fede","tag-audio","tag-catechismo"],"_links":{"self":[{"href":"https:\/\/archivio.cercoiltuovolto.it\/index.php?rest_route=\/wp\/v2\/posts\/234949","targetHints":{"allow":["GET"]}}],"collection":[{"href":"https:\/\/archivio.cercoiltuovolto.it\/index.php?rest_route=\/wp\/v2\/posts"}],"about":[{"href":"https:\/\/archivio.cercoiltuovolto.it\/index.php?rest_route=\/wp\/v2\/types\/post"}],"author":[{"embeddable":true,"href":"https:\/\/archivio.cercoiltuovolto.it\/index.php?rest_route=\/wp\/v2\/users\/3"}],"replies":[{"embeddable":true,"href":"https:\/\/archivio.cercoiltuovolto.it\/index.php?rest_route=%2Fwp%2Fv2%2Fcomments&post=234949"}],"version-history":[{"count":0,"href":"https:\/\/archivio.cercoiltuovolto.it\/index.php?rest_route=\/wp\/v2\/posts\/234949\/revisions"}],"wp:attachment":[{"href":"https:\/\/archivio.cercoiltuovolto.it\/index.php?rest_route=%2Fwp%2Fv2%2Fmedia&parent=234949"}],"wp:term":[{"taxonomy":"category","embeddable":true,"href":"https:\/\/archivio.cercoiltuovolto.it\/index.php?rest_route=%2Fwp%2Fv2%2Fcategories&post=234949"},{"taxonomy":"post_tag","embeddable":true,"href":"https:\/\/archivio.cercoiltuovolto.it\/index.php?rest_route=%2Fwp%2Fv2%2Ftags&post=234949"}],"curies":[{"name":"wp","href":"https:\/\/api.w.org\/{rel}","templated":true}]}}