{"id":234939,"date":"2013-09-23T22:21:57","date_gmt":"2013-09-23T22:21:57","guid":{"rendered":"https:\/\/archivio.cercoiltuovolto.it\/?p=234939"},"modified":"2013-09-23T22:21:57","modified_gmt":"2013-09-23T22:21:57","slug":"papa-francesco-omelia-e-angelus-del-22-settembre-2013-in-mp3","status":"publish","type":"post","link":"https:\/\/archivio.cercoiltuovolto.it\/?p=234939","title":{"rendered":"Papa Francesco &#8211; Omelia e Angelus del 22 settembre 2013 in mp3"},"content":{"rendered":"<blockquote>\n<p align=\"center\"><span style=\"color: #663300;\"><i>Piazzale antistante il Santuario di Nostra Signora di Bonaria, Cagliari<br \/>Domenica, 22 settembre 2013<\/i><\/span><\/p>\n<p style=\"text-align: justify;\"><i><a href=\"http:\/\/www.cercoiltuovolto.it\/wp-content\/uploads\/2013\/09\/papa-francesco-sardegna-bonaria-pellegrinaggio-2013.jpg\"><img loading=\"lazy\" decoding=\"async\" class=\"alignleft size-thumbnail wp-image-29064\" alt=\"papa-francesco-sardegna-bonaria-pellegrinaggio-2013\" src=\"http:\/\/www.cercoiltuovolto.it\/wp-content\/uploads\/2013\/09\/papa-francesco-sardegna-bonaria-pellegrinaggio-2013-134x130.jpg\" width=\"134\" height=\"130\" \/><\/a>Sa paghe \u2018e Nostru Segnore siat sempre chin bois<\/i><\/p>\n<p style=\"text-align: justify;\">Oggi si realizza quel\u00a0<a href=\"http:\/\/www.vatican.va\/holy_father\/francesco\/audiences\/2013\/documents\/papa-francesco_20130515_udienza-generale_it.html#vi_vorrei_annunciare_che_desidero_visitare_il_Santuario_a_Cagliari_\">desiderio che avevo annunciato in Piazza San Pietro<\/a>, prima dell\u2019estate, di poter visitare il Santuario di Nostra Signora di Bonaria.<\/p>\n<p style=\"text-align: justify;\">1. Sono venuto\u00a0<i>per condividere<\/i>\u00a0con voi gioie e speranze, fatiche e impegni, ideali e aspirazioni della vostra Isola,\u00a0<i>e per confermarvi nella fede<\/i>. Anche qui a Cagliari, come in tutta la Sardegna, non mancano difficolt\u00e0, &#8211; ce ne sono tante &#8211; problemi e preoccupazioni: penso, in particolare, alla mancanza del lavoro e alla sua precariet\u00e0, e quindi all\u2019incertezza per il futuro. La Sardegna, questa vostra bella Regione, soffre da lungo tempo molte situazioni di povert\u00e0, accentuate anche dalla sua condizione insulare. E\u2019 necessaria la collaborazione leale di tutti, con l\u2019impegno dei responsabili delle istituzioni &#8211; anche la Chiesa &#8211; per assicurare alle persone e alle famiglie i diritti fondamentali, e far crescere una societ\u00e0 pi\u00f9 fraterna e solidale. Assicurare il diritto al lavoro, il diritto a portare pane a casa, pane guadagnato col lavoro! Vi sono vicino! Vi sono vicino, vi ricordo nella preghiera, e vi incoraggio a perseverare nella testimonianza dei valori umani e cristiani cos\u00ec profondamente radicati nella fede e nella storia di questo territorio e della popolazione. Mantenete sempre accesa la luce della speranza!<\/p>\n<p style=\"text-align: justify;\">2. Sono venuto in mezzo a voi\u00a0<i>per mettermi con voi ai piedi della Madonna<\/i>\u00a0che ci dona il suo Figlio. So bene che Maria, nostra Madre, \u00e8 nel vostro cuore, come testimonia questo Santuario, dove molte generazioni di Sardi sono salite \u2013 e continueranno a salire! \u2013 per invocare la protezione della Madonna di Bonaria, Patrona Massima dell\u2019Isola. Qui voi portate le gioie e le sofferenze di questa terra, delle sue famiglie, e anche di quei figli che vivono lontani, spesso partiti con grande dolore e nostalgia per cercare un lavoro e un futuro per s\u00e9 e per i loro cari. Oggi, noi tutti qui riuniti, vogliamo ringraziare Maria perch\u00e9 ci \u00e8 sempre vicina, vogliamo rinnovare a Lei la nostra fiducia e il nostro amore.<\/p>\n<p style=\"text-align: justify;\">La prima Lettura che abbiamo ascoltato ci mostra Maria in preghiera, nel Cenacolo, insieme agli Apostoli. Maria prega, prega insieme alla comunit\u00e0 dei discepoli, e ci insegna ad avere piena fiducia in Dio, nella sua misericordia. Questa \u00e8 la potenza della preghiera! Non stanchiamoci di bussare alla porta di Dio. Portiamo al cuore di Dio, attraverso Maria, tutta la nostra vita, ogni giorno! Bussare alla porta del cuore di Dio!<\/p>\n<p style=\"text-align: justify;\">Nel Vangelo invece cogliamo soprattutto l\u2019ultimo sguardo di Ges\u00f9 verso sua Madre (cfr\u00a0<i>Gv<\/i>\u00a019,25-27). Dalla croce Ges\u00f9 guarda sua Madre e le affida l\u2019apostolo Giovanni, dicendo: Questo \u00e8 tuo figlio. In Giovanni ci siamo tutti, anche noi, e lo sguardo di amore di Ges\u00f9 ci affida alla custodia materna della Madre. Maria avr\u00e0 ricordato un altro sguardo di amore, quando era una ragazza: lo sguardo di Dio Padre, che aveva guardato la sua umilt\u00e0, la sua piccolezza. Maria ci insegna che Dio non ci abbandona, pu\u00f2 fare cose grandi anche con la nostra debolezza. Abbiamo fiducia in Lui! Bussiamo alla porta del suo cuore!<\/p>\n<p style=\"text-align: justify;\">3. E il terzo pensiero: oggi\u00a0<i>sono venuto in mezzo a voi, anzi siamo venuti tutti insieme per incontrare lo sguardo di Maria<\/i>, perch\u00e9 l\u00ec \u00e8 come riflesso lo sguardo del Padre, che la fece Madre di Dio, e lo sguardo del Figlio dalla croce, che la fece Madre nostra. E con quello sguardo oggi Maria ci guarda. Abbiamo bisogno del suo sguardo di tenerezza, del suo sguardo materno che ci conosce meglio che chiunque altro, del suo sguardo pieno di compassione e di cura. Maria, oggi vogliamo dirti: Madre, donaci il tuo sguardo! Il tuo sguardo ci porta a Dio, il tuo sguardo \u00e8 un dono del Padre buono, che ci attende ad ogni svolta del nostro cammino, \u00e8 un dono di Ges\u00f9 Cristo in croce, che carica su di s\u00e9 le nostre sofferenze, le nostre fatiche, il nostro peccato. E per incontrare questo Padre pieno di amore, oggi le diciamo: Madre, donaci il tuo sguardo! Lo diciamo tutti insieme: \u201cMadre, donaci il tuo sguardo!\u201d. \u201cMadre, donaci il tuo sguardo!\u201d.<\/p>\n<p style=\"text-align: justify;\">Nel cammino, spesso difficile, non siamo soli, siamo in tanti, siamo un popolo, e lo sguardo della Madonna ci aiuta a guardarci tra noi in modo fraterno. Guardiamoci in modo pi\u00f9 fraterno! Maria ci insegna ad avere quello sguardo che cerca di accogliere, di accompagnare, di proteggere. Impariamo a guardarci gli uni gli altri sotto lo sguardo materno di Maria! Ci sono persone che istintivamente consideriamo di meno e che invece ne hanno pi\u00f9 bisogno: i pi\u00f9 abbandonati, i malati, coloro che non hanno di che vivere, coloro che non conoscono Ges\u00f9, i giovani che sono in difficolt\u00e0, i giovani che non trovano lavoro. Non abbiamo paura di uscire e guardare i nostri fratelli e sorelle con lo sguardo della Madonna, Lei ci invita ad essere veri fratelli. E non permettiamo che qualcosa o qualcuno si frapponga tra noi e lo sguardo della Madonna. Madre, donaci il tuo sguardo! Nessuno ce lo nasconda! Il nostro cuore di figli sappia difenderlo da tanti parolai che promettono illusioni; da coloro che hanno uno sguardo avido di vita facile, di promesse che non si possono compiere. Non ci rubino lo sguardo di Maria, che \u00e8 pieno di tenerezza, che ci d\u00e0 forza, che ci rende solidali tra noi. Tutti diciamo: Madre, donaci il tuo sguardo! Madre, donaci il tuo sguardo! Madre, donaci il tuo sguardo!<\/p>\n<p style=\"text-align: justify;\">Nostra Segnora \u2018e Bonaria bos acumpanzet sempre in sa vida.<\/p>\n<ul>\n<li><a href=\"http:\/\/www.vatican.va\/holy_father\/francesco\/homilies\/2013\/documents\/papa-francesco_20130922_bonaria-cagliari_it.html\">Leggi tutto il messaggio<\/a> <em>\u00a9 Copyright 2013 &#8211; Libreria Editrice Vaticana<\/em><\/li>\n<li><a href=\"http:\/\/player.rv.va\/vaticanplayer.asp?language=it&amp;tic=VA_C8WZ7O9H\" target=\"_blank\"><em>Link al Video<\/em><\/a><\/li>\n<\/ul>\n<\/blockquote>\n<h2 style=\"text-align: justify;\">Angelus<\/h2>\n<blockquote>\n<p><i>Cari fratelli e sorelle<\/i>,<\/p>\n<p style=\"text-align: justify;\">prima di concludere questa celebrazione, vi saluto con affetto, in particolare i miei confratelli Vescovi della Sardegna, che ringrazio. Qui, ai piedi della Madonna, vorrei ringraziare tutti e ciascuno di voi, cari fedeli, i sacerdoti, i religiosi e le religiose, le Autorit\u00e0 e in modo speciale quanti hanno collaborato per organizzare questa visita. Soprattutto voglio affidarvi a Maria, Nostra Signora di Bonaria. Ma in questo momento penso a tutti i numerosi santuari mariani della Sardegna: la vostra terra ha un legame forte con Maria, un legame che esprimete nella vostra devozione e nella vostra cultura. Siate sempre veri figli di Maria e della Chiesa, e dimostratelo con la vostra vita, seguendo l\u2019esempio dei santi!<\/p>\n<p style=\"text-align: justify;\">A questo proposito, ricordiamo che ieri, a Bergamo, \u00e8 stato proclamato Beato Tommaso Acerbis da Olera, frate Cappuccino, vissuto tra i secoli sedicesimo e diciassettesimo. Rendiamo grazie per questo testimone dell\u2019umilt\u00e0 e della carit\u00e0 di Cristo!<\/p>\n<p>Ora recitiamo insieme la preghiera dell\u2019<i>Angelus<\/i>.<\/p>\n<p><i>Parole finali<\/i><\/p>\n<p>Vi auguro buona domenica e buon pranzo!<\/p>\n<\/blockquote>\n<p><img loading=\"lazy\" decoding=\"async\" class=\"alignnone size-full wp-image-25340\" style=\"margin-bottom: -35px;\" title=\"ascolta-il-podcast\" alt=\"\" src=\"http:\/\/www.cercoiltuovolto.it\/wp-content\/uploads\/2012\/09\/ascolta-il-podcast.png\" width=\"277\" height=\"77\" \/><\/p>\n<div class=\"powerpressbox\">[powerpress]<\/div>\n<p style=\"text-align: justify;\"><strong>Fonte<\/strong>: Radio Vaticana via FeedRss<\/p>\n<p style=\"text-align: justify;\"><span style=\"font-size: xx-small;\"><em>(The content of this podcast is copyrighted by Vatican Radio which, according to its statute, is entrusted to manage and protect the sound recordings of the Roman Pontiff, ensuring that their pastoral character and intellectual property&#8217;s rights are protected when used by third parties. The content of this podcast is made available only for personal and private use and cannot be exploited for commercial purposes, without prior written authorization by Vatican Radio. For further information, please contact the International Relation Office at relint@vatiradio.va)<\/em><\/span><\/p>\n","protected":false},"excerpt":{"rendered":"<p>Piazzale antistante il Santuario di Nostra Signora di Bonaria, CagliariDomenica, 22 settembre 2013 Sa paghe \u2018e Nostru Segnore siat sempre chin bois Oggi si realizza quel\u00a0desiderio che avevo annunciato in Piazza San Pietro, prima dell\u2019estate, di poter visitare il Santuario di Nostra Signora di Bonaria. 1. Sono venuto\u00a0per condividere\u00a0con voi gioie e speranze, fatiche e&#8230;<\/p>\n","protected":false},"author":3,"featured_media":0,"comment_status":"closed","ping_status":"closed","sticky":false,"template":"","format":"standard","meta":{"_kad_post_transparent":"","_kad_post_title":"","_kad_post_layout":"","_kad_post_sidebar_id":"","_kad_post_content_style":"","_kad_post_vertical_padding":"","_kad_post_feature":"","_kad_post_feature_position":"","_kad_post_header":false,"_kad_post_footer":false,"_kad_post_classname":"","footnotes":""},"categories":[103,114],"tags":[684,9],"class_list":["post-234939","post","type-post","status-publish","format-standard","hentry","category-103","category-angelus","tag-francesco","tag-vaticano"],"_links":{"self":[{"href":"https:\/\/archivio.cercoiltuovolto.it\/index.php?rest_route=\/wp\/v2\/posts\/234939","targetHints":{"allow":["GET"]}}],"collection":[{"href":"https:\/\/archivio.cercoiltuovolto.it\/index.php?rest_route=\/wp\/v2\/posts"}],"about":[{"href":"https:\/\/archivio.cercoiltuovolto.it\/index.php?rest_route=\/wp\/v2\/types\/post"}],"author":[{"embeddable":true,"href":"https:\/\/archivio.cercoiltuovolto.it\/index.php?rest_route=\/wp\/v2\/users\/3"}],"replies":[{"embeddable":true,"href":"https:\/\/archivio.cercoiltuovolto.it\/index.php?rest_route=%2Fwp%2Fv2%2Fcomments&post=234939"}],"version-history":[{"count":0,"href":"https:\/\/archivio.cercoiltuovolto.it\/index.php?rest_route=\/wp\/v2\/posts\/234939\/revisions"}],"wp:attachment":[{"href":"https:\/\/archivio.cercoiltuovolto.it\/index.php?rest_route=%2Fwp%2Fv2%2Fmedia&parent=234939"}],"wp:term":[{"taxonomy":"category","embeddable":true,"href":"https:\/\/archivio.cercoiltuovolto.it\/index.php?rest_route=%2Fwp%2Fv2%2Fcategories&post=234939"},{"taxonomy":"post_tag","embeddable":true,"href":"https:\/\/archivio.cercoiltuovolto.it\/index.php?rest_route=%2Fwp%2Fv2%2Ftags&post=234939"}],"curies":[{"name":"wp","href":"https:\/\/api.w.org\/{rel}","templated":true}]}}