{"id":234934,"date":"2013-09-17T22:03:50","date_gmt":"2013-09-17T22:03:50","guid":{"rendered":"https:\/\/archivio.cercoiltuovolto.it\/?p=234934"},"modified":"2013-09-17T22:03:50","modified_gmt":"2013-09-17T22:03:50","slug":"papa-francesco-angelus-del-15-settembre-2013-in-mp3","status":"publish","type":"post","link":"https:\/\/archivio.cercoiltuovolto.it\/?p=234934","title":{"rendered":"Papa Francesco &#8211; Angelus del 15 settembre 2013 in mp3"},"content":{"rendered":"<blockquote>\n<p style=\"text-align: justify;\"><i>Cari fratelli e sorelle, buongiorno!<\/i><\/p>\n<p style=\"text-align: justify;\">Nella Liturgia di oggi si legge il capitolo 15 del Vangelo di Luca, che contiene le tre parabole della misericordia: quella della pecora smarrita, quella della moneta perduta, e poi la pi\u00f9 lunga di tutte le parabole, tipica di san Luca, quella del padre e dei due figli, il figlio \u201cprodigo\u201d e il figlio, che si crede \u201cgiusto\u201d, che si crede santo. Tutte e tre queste parabole parlano della gioia di Dio. Dio \u00e8 gioioso. Interessante questo: Dio \u00e8 gioioso! E qual \u00e8 la gioia di Dio? La gioia di Dio \u00e8 perdonare, la gioia di Dio \u00e8 perdonare! E\u2019 la gioia di un pastore che ritrova la sua pecorella; la gioia di una donna che ritrova la sua moneta; \u00e8 la gioia di un padre che riaccoglie a casa il figlio che si era perduto, era come morto ed \u00e8 tornato in vita, \u00e8 tornato a casa. Qui c\u2019\u00e8 tutto il Vangelo! Qui! Qui c\u2019\u00e8 tutto il Vangelo, c\u2019\u00e8 tutto il Cristianesimo! Ma guardate che non \u00e8 sentimento, non \u00e8 \u201cbuonismo\u201d! Al contrario, la misericordia \u00e8 la vera forza che pu\u00f2 salvare l\u2019uomo e il mondo dal \u201ccancro\u201d che \u00e8 il peccato, il male morale, il male spirituale. Solo l\u2019amore riempie i vuoti, le voragini negative che il male apre nel cuore e nella storia. Solo l\u2019amore pu\u00f2 fare questo, e questa \u00e8 la gioia di Dio!<\/p>\n<p style=\"text-align: justify;\">Ges\u00f9 \u00e8 tutto misericordia, Ges\u00f9 \u00e8 tutto amore: \u00e8 Dio fatto uomo. Ognuno di noi, ognuno di noi, \u00e8 quella pecora smarrita, quella moneta perduta; ognuno di noi \u00e8 quel figlio che ha sciupato la propria libert\u00e0 seguendo idoli falsi, miraggi di felicit\u00e0, e ha perso tutto. Ma Dio non ci dimentica, il Padre non ci abbandona mai. E\u2019 un padre paziente, ci aspetta sempre!\u00a0 Rispetta la nostra libert\u00e0, ma rimane sempre fedele. E quando ritorniamo a Lui, ci accoglie come figli, nella sua casa, perch\u00e9 non smette mai, neppure per un momento, di aspettarci, con amore. E il suo cuore \u00e8 in festa per ogni figlio che ritorna. E\u2019 in festa perch\u00e9 \u00e8 gioia. Dio ha questa gioia, quando uno di noi peccatore va da Lui e chiede il suo perdono.<\/p>\n<p style=\"text-align: justify;\">Il pericolo qual \u00e8? E\u2019 che noi presumiamo di essere giusti, e giudichiamo gli altri. Giudichiamo anche Dio, perch\u00e9 pensiamo che dovrebbe castigare i peccatori, condannarli a morte, invece di perdonare. Allora s\u00ec che rischiamo di rimanere fuori dalla casa del Padre! Come quel fratello maggiore della parabola, che invece di essere contento perch\u00e9 suo fratello \u00e8 tornato, si arrabbia con il padre che lo ha accolto e fa festa. Se nel nostro cuore non c\u2019\u00e8 la misericordia, la gioia del perdono, non siamo in comunione con Dio, anche se osserviamo tutti i precetti, perch\u00e9 \u00e8 l\u2019amore che salva, non la sola pratica dei precetti. E\u2019 l\u2019amore per Dio e per il prossimo che d\u00e0 compimento a tutti i comandamenti. E questo \u00e8 l\u2019amore di Dio, la sua gioia: perdonare. Ci aspetta sempre! Forse qualcuno nel suo cuore ha qualcosa di pesante: \u201cMa, ho fatto questo, ho fatto quello \u2026\u201d. Lui ti aspetta! Lui \u00e8 padre: sempre ci aspetta!<\/p>\n<p style=\"text-align: justify;\">Se noi viviamo secondo la legge \u201cocchio per occhio, dente per dente\u201d, mai usciamo dalla spirale del male. Il Maligno \u00e8 furbo, e ci illude che con la nostra giustizia umana possiamo salvarci e salvare il mondo. In realt\u00e0, solo la giustizia di Dio ci pu\u00f2 salvare! E la giustizia di Dio si \u00e8 rivelata nella Croce: la Croce \u00e8 il giudizio di Dio su tutti noi e su questo mondo. Ma come ci giudica Dio? Dando la vita per noi! Ecco l\u2019atto supremo di giustizia che ha sconfitto una volta per tutte il Principe di questo mondo; e questo atto supremo di giustizia \u00e8 proprio anche l\u2019atto supremo di misericordia. Ges\u00f9 ci chiama tutti a seguire questa strada: \u00abSiate misericordiosi, come il Padre vostro \u00e8 misericordioso\u00bb (<i>Lc<\/i>\u00a06,36). Io vi chiedo una cosa, adesso. In silenzio, tutti, pensiamo\u2026 ognuno pensi ad una persona con la quale non stiamo bene, con la quale ci siamo arrabbiati, alla quale non vogliamo bene. Pensiamo a quella persona e in silenzio, in questo momento, preghiamo per questa persona e diventiamo misericordiosi con questa persona. [<i>silenzio di preghiera<\/i>].<\/p>\n<p style=\"text-align: justify;\">Invochiamo ora l\u2019intercessione di Maria, Madre della Misericordia.<\/p>\n<hr align=\"center\" size=\"1\" width=\"65%\" \/>\n<p style=\"text-align: justify;\"><b>Dopo l&#8217;Angelus<\/b><\/p>\n<p style=\"text-align: justify;\"><i>Cari fratelli e sorelle,<\/i><\/p>\n<p style=\"text-align: justify;\">ieri, in Argentina, \u00e8 stato proclamato Beato Jos\u00e9 Gabriel Brochero, sacerdote della diocesi di C\u00f3rdoba, nato nel 1840 e morto nel 1914. Spinto dall\u2019amore di Cristo si dedic\u00f2 interamente al suo gregge, per portare tutti nel Regno di Dio, con immensa misericordia e zelo per le anime. Stava con la gente, e cercava di portare tanti agli esercizi spirituali. Andava per chilometri e chilometri, cavalcando le montagne, con la sua mula che si chiamava \u201cFacciabrutta\u201d, perch\u00e9 non era bella. Andava anche con la pioggia, era coraggioso! Ma anche voi, con questa pioggia, siete qui, siete coraggiosi. Bravi! Alla fine, questo Beato era cieco e lebbroso, ma pieno di gioia, la gioia del buon Pastore, la gioia del Pastore misericordioso!<\/p>\n<p style=\"text-align: justify;\">Deseo unirme a la alegr\u00eda de la Iglesia en Argentina por la beatificaci\u00f3n de este pastor ejemplar, que a lomo de mula recorri\u00f3 infatigablemente los \u00e1ridos caminos de su parroquia, buscando, casa por casa, las personas que le hab\u00edan sido encomendadas para llevarlas a Dios. Pidamos a Cristo, por la intercesi\u00f3n del nuevo Beato, que se multipliquen los sacerdotes que, imitando al Cura Brochero, entreguen su vida al servicio de la evangelizaci\u00f3n, tanto de rodillas ante el crucifijo, como dando testimonio por todas partes del amor y la misericordia de Dios.<\/p>\n<p style=\"text-align: justify;\">Oggi, a Torino, si conclude la Settimana Sociale dei Cattolici Italiani, sul tema \u201cFamiglia, speranza e futuro per la societ\u00e0 italiana\u201d. Saluto tutti i partecipanti e mi rallegro per il grande impegno che c\u2019\u00e8 nella Chiesa in Italia con le famiglie e per le famiglie e che \u00e8 un forte stimolo anche per le istituzioni e per tutto il Paese. Coraggio! Avanti su questa strada della famiglia!<\/p>\n<p style=\"text-align: justify;\">Saluto con affetto tutti i pellegrini oggi presenti: le famiglie, i gruppi parrocchiali, i giovani. In particolare saluto i fedeli di Dresano, Tagg\u00ec di Sotto e Torre Canne di Fasano; l\u2019UNITALSI di Ogliastra, i bambini di Trento che presto riceveranno la Prima Comunione, i ragazzi di Firenze e lo \u201cSpider Club Italia\u201d.<\/p>\n<p style=\"text-align: justify;\">A tutti auguro una buona domenica e un buon pranzo. Arrivederci!<\/p>\n<ul>\n<li><a href=\"http:\/\/www.vatican.va\/holy_father\/francesco\/angelus\/2013\/documents\/papa-francesco_angelus_20130915_it.html\">Leggi tutto il messaggio<\/a> <em>\u00a9 Copyright 2013 &#8211; Libreria Editrice Vaticana<\/em><\/li>\n<li><a href=\"http:\/\/player.rv.va\/vaticanplayer.asp?language=it&amp;tic=VA_JAHC6ESF\" target=\"_blank\"><em>Link al Video<\/em><\/a><\/li>\n<\/ul>\n<\/blockquote>\n<p><img loading=\"lazy\" decoding=\"async\" class=\"alignnone size-full wp-image-25340\" style=\"margin-bottom: -35px;\" title=\"ascolta-il-podcast\" alt=\"\" src=\"http:\/\/www.cercoiltuovolto.it\/wp-content\/uploads\/2012\/09\/ascolta-il-podcast.png\" width=\"277\" height=\"77\" \/><\/p>\n<div class=\"powerpressbox\">[powerpress]<\/div>\n<p style=\"text-align: justify;\"><strong>Fonte<\/strong>: Radio Vaticana via FeedRss<\/p>\n<p style=\"text-align: justify;\"><span style=\"font-size: xx-small;\"><em>(The content of this podcast is copyrighted by Vatican Radio which, according to its statute, is entrusted to manage and protect the sound recordings of the Roman Pontiff, ensuring that their pastoral character and intellectual property&#8217;s rights are protected when used by third parties. The content of this podcast is made available only for personal and private use and cannot be exploited for commercial purposes, without prior written authorization by Vatican Radio. For further information, please contact the International Relation Office at relint@vatiradio.va)<\/em><\/span><\/p>\n","protected":false},"excerpt":{"rendered":"<p>Cari fratelli e sorelle, buongiorno! Nella Liturgia di oggi si legge il capitolo 15 del Vangelo di Luca, che contiene le tre parabole della misericordia: quella della pecora smarrita, quella della moneta perduta, e poi la pi\u00f9 lunga di tutte le parabole, tipica di san Luca, quella del padre e dei due figli, il figlio&#8230;<\/p>\n","protected":false},"author":3,"featured_media":0,"comment_status":"closed","ping_status":"closed","sticky":false,"template":"","format":"standard","meta":{"_kad_post_transparent":"","_kad_post_title":"","_kad_post_layout":"","_kad_post_sidebar_id":"","_kad_post_content_style":"","_kad_post_vertical_padding":"","_kad_post_feature":"","_kad_post_feature_position":"","_kad_post_header":false,"_kad_post_footer":false,"_kad_post_classname":"","footnotes":""},"categories":[103,114],"tags":[684,9],"class_list":["post-234934","post","type-post","status-publish","format-standard","hentry","category-103","category-angelus","tag-francesco","tag-vaticano"],"_links":{"self":[{"href":"https:\/\/archivio.cercoiltuovolto.it\/index.php?rest_route=\/wp\/v2\/posts\/234934","targetHints":{"allow":["GET"]}}],"collection":[{"href":"https:\/\/archivio.cercoiltuovolto.it\/index.php?rest_route=\/wp\/v2\/posts"}],"about":[{"href":"https:\/\/archivio.cercoiltuovolto.it\/index.php?rest_route=\/wp\/v2\/types\/post"}],"author":[{"embeddable":true,"href":"https:\/\/archivio.cercoiltuovolto.it\/index.php?rest_route=\/wp\/v2\/users\/3"}],"replies":[{"embeddable":true,"href":"https:\/\/archivio.cercoiltuovolto.it\/index.php?rest_route=%2Fwp%2Fv2%2Fcomments&post=234934"}],"version-history":[{"count":0,"href":"https:\/\/archivio.cercoiltuovolto.it\/index.php?rest_route=\/wp\/v2\/posts\/234934\/revisions"}],"wp:attachment":[{"href":"https:\/\/archivio.cercoiltuovolto.it\/index.php?rest_route=%2Fwp%2Fv2%2Fmedia&parent=234934"}],"wp:term":[{"taxonomy":"category","embeddable":true,"href":"https:\/\/archivio.cercoiltuovolto.it\/index.php?rest_route=%2Fwp%2Fv2%2Fcategories&post=234934"},{"taxonomy":"post_tag","embeddable":true,"href":"https:\/\/archivio.cercoiltuovolto.it\/index.php?rest_route=%2Fwp%2Fv2%2Ftags&post=234934"}],"curies":[{"name":"wp","href":"https:\/\/api.w.org\/{rel}","templated":true}]}}