{"id":234925,"date":"2013-09-04T06:41:06","date_gmt":"2013-09-04T06:41:06","guid":{"rendered":"https:\/\/archivio.cercoiltuovolto.it\/?p=234925"},"modified":"2013-09-04T06:41:06","modified_gmt":"2013-09-04T06:41:06","slug":"il-cammino-del-discepolo-nel-vangelo-secondo-marco","status":"publish","type":"post","link":"https:\/\/archivio.cercoiltuovolto.it\/?p=234925","title":{"rendered":"Il cammino del discepolo nel Vangelo secondo Marco"},"content":{"rendered":"<p><img loading=\"lazy\" decoding=\"async\" class=\"alignright size-large wp-image-28919\" alt=\"Il cammino del discepolo nel vangelo secondo Marco\" src=\"http:\/\/www.cercoiltuovolto.it\/wp-content\/uploads\/2013\/09\/Il-cammino-del-discepolo-nel-vangelo-secondo-Marco-450x450.jpg\" width=\"450\" height=\"450\" \/><em>Settimana biblica di Bose (22 &#8211; 27 luglio 2013) a cura di Ludwig Monti &#8211; Monastero di Bose<\/em><\/p>\n<p><strong>1<\/strong>. Introduzione. La chiamata dei primi discepoli: Mc 1,16-20<br \/><strong>2<\/strong>. \u201cNon sono venuto a chiamare i giusti,\u00a0ma i peccatori\u201d: Mc 2,13-17<br \/>L\u2019istituzione dei dodici apostoli: Mc 3,13-19<br \/>La nuova \u201cfamiglia\u201d di Ges\u00f9: Mc 3,20-21.31-35<br \/><strong>3<\/strong>. La parabola del seminatore: Mc 4,1-20.\u00a0<br \/>L\u2019incredulit\u00e0 del discepolo: Mc 4,35-41<br \/><strong>4<\/strong>. L\u2019invio in missione; l\u2019incomprensione\u00a0<br \/>dei discepoli: Mc 6,7-56<br \/><strong>5<\/strong>. Chi \u00e8 Ges\u00f9? Le condizioni per seguire Ges\u00f9: Mc 8,27-36<br \/><strong>6<\/strong>. Chi \u00e8 il pi\u00f9 grande? Mc 9,30-40.\u00a0<br \/>L\u2019incontro di Ges\u00f9 con l\u2019uomo ricco: Mc 10,17-30<br \/><strong>7<\/strong>. Il servizio al cuore della comunit\u00e0:\u00a0<br \/>Mc 10,32-45. Il cammino del discepolo: Mc 10,46-52<br \/><strong>8<\/strong>. Il dono di s\u00e9; la vigilanza. L\u2019arresto di Ges\u00f9: Mc 11-14<br \/><strong>9<\/strong>. La morte e la resurrezione di Ges\u00f9: Mc 15-16<\/p>\n<p style=\"text-align: center;\">[button color=&#8221;red&#8221; size=&#8221;big&#8221; link=&#8221;http:\/\/www.monasterodibose.it\/component\/page,shop.product_details\/flypage,flypage.tpl\/product_id,1123\/category_id,30\/option,com_virtuemart\/Itemid,475\/&#8221; target=&#8221;blank&#8221; ]Acquista il CD nel sito del Monastero[\/button]<\/p>\n<p style=\"text-align: center;\">\n<div class=\"entry-content-asset videofit\"><iframe loading=\"lazy\" title=\"Ludwig Monti &quot;Il cammino del discepolo nel vangelo secondo Marco&quot; Ed.Qiqajon\" width=\"720\" height=\"405\" src=\"https:\/\/www.youtube.com\/embed\/KZifBJ1F1Yw?feature=oembed\" frameborder=\"0\" allow=\"accelerometer; autoplay; clipboard-write; encrypted-media; gyroscope; picture-in-picture; web-share\" referrerpolicy=\"strict-origin-when-cross-origin\" allowfullscreen><\/iframe><\/div><\/p>\n","protected":false},"excerpt":{"rendered":"<p>Settimana biblica di Bose (22 &#8211; 27 luglio 2013) a cura di Ludwig Monti &#8211; Monastero di Bose 1. Introduzione. La chiamata dei primi discepoli: Mc 1,16-202. \u201cNon sono venuto a chiamare i giusti,\u00a0ma i peccatori\u201d: Mc 2,13-17L\u2019istituzione dei dodici apostoli: Mc 3,13-19La nuova \u201cfamiglia\u201d di Ges\u00f9: Mc 3,20-21.31-353. La parabola del seminatore: Mc 4,1-20.\u00a0L\u2019incredulit\u00e0&#8230;<\/p>\n","protected":false},"author":3,"featured_media":0,"comment_status":"closed","ping_status":"closed","sticky":false,"template":"","format":"standard","meta":{"_kad_post_transparent":"","_kad_post_title":"","_kad_post_layout":"","_kad_post_sidebar_id":"","_kad_post_content_style":"","_kad_post_vertical_padding":"","_kad_post_feature":"","_kad_post_feature_position":"","_kad_post_header":false,"_kad_post_footer":false,"_kad_post_classname":"","footnotes":""},"categories":[103,4],"tags":[625],"class_list":["post-234925","post","type-post","status-publish","format-standard","hentry","category-103","category-audio-cattolici","tag-vangelo-di-marco"],"_links":{"self":[{"href":"https:\/\/archivio.cercoiltuovolto.it\/index.php?rest_route=\/wp\/v2\/posts\/234925","targetHints":{"allow":["GET"]}}],"collection":[{"href":"https:\/\/archivio.cercoiltuovolto.it\/index.php?rest_route=\/wp\/v2\/posts"}],"about":[{"href":"https:\/\/archivio.cercoiltuovolto.it\/index.php?rest_route=\/wp\/v2\/types\/post"}],"author":[{"embeddable":true,"href":"https:\/\/archivio.cercoiltuovolto.it\/index.php?rest_route=\/wp\/v2\/users\/3"}],"replies":[{"embeddable":true,"href":"https:\/\/archivio.cercoiltuovolto.it\/index.php?rest_route=%2Fwp%2Fv2%2Fcomments&post=234925"}],"version-history":[{"count":0,"href":"https:\/\/archivio.cercoiltuovolto.it\/index.php?rest_route=\/wp\/v2\/posts\/234925\/revisions"}],"wp:attachment":[{"href":"https:\/\/archivio.cercoiltuovolto.it\/index.php?rest_route=%2Fwp%2Fv2%2Fmedia&parent=234925"}],"wp:term":[{"taxonomy":"category","embeddable":true,"href":"https:\/\/archivio.cercoiltuovolto.it\/index.php?rest_route=%2Fwp%2Fv2%2Fcategories&post=234925"},{"taxonomy":"post_tag","embeddable":true,"href":"https:\/\/archivio.cercoiltuovolto.it\/index.php?rest_route=%2Fwp%2Fv2%2Ftags&post=234925"}],"curies":[{"name":"wp","href":"https:\/\/api.w.org\/{rel}","templated":true}]}}