{"id":234917,"date":"2013-08-16T15:43:23","date_gmt":"2013-08-16T15:43:23","guid":{"rendered":"https:\/\/archivio.cercoiltuovolto.it\/?p=234917"},"modified":"2013-08-16T15:43:23","modified_gmt":"2013-08-16T15:43:23","slug":"papa-francesco-angelus-del-15-agosto-2013-in-mp3","status":"publish","type":"post","link":"https:\/\/archivio.cercoiltuovolto.it\/?p=234917","title":{"rendered":"Papa Francesco &#8211; Angelus del 15 agosto 2013 in mp3"},"content":{"rendered":"<blockquote>\n<p><i>Cari fratelli e sorelle<\/i>,<\/p>\n<p style=\"text-align: justify;\">al termine di questa Celebrazione ci rivolgiamo alla Vergine Maria con la preghiera dell\u2019<i>Angelus<\/i>. Il cammino di Maria verso il Cielo \u00e8 cominciato da quel \u201cs\u00ec\u201d pronunciato a Nazaret, in risposta al Messaggero celeste che le annunciava la volont\u00e0 di Dio per lei. E in realt\u00e0 \u00e8 proprio cos\u00ec: ogni \u201cs\u00ec\u201d a Dio \u00e8 un passo verso il Cielo, verso la vita eterna. Perch\u00e9 questo vuole il Signore: che tutti i suoi figli abbiano la vita in abbondanza! Dio ci vuole tutti con s\u00e9, nella sua casa!<\/p>\n<p style=\"text-align: justify;\">Giungono purtroppo notizie dolorose dall\u2019Egitto. Desidero assicurare la mia preghiera per tutte le vittime e i loro familiari, per i feriti e per quanti soffrono. Preghiamo insieme per la pace, il dialogo, la riconciliazione in quella cara terra e nel mondo intero. Maria, Regina della Pace, prega per noi! Tutti diciamo: Maria, Regina della Pace, prega per noi!<\/p>\n<p style=\"text-align: justify;\">Desidero ricordare il 25\u00b0 anniversario della Lettera Apostolica\u00a0<i><a href=\"http:\/\/www.vatican.va\/holy_father\/john_paul_ii\/apost_letters\/1988\/documents\/hf_jp-ii_apl_19880815_mulieris-dignitatem_it.html\">Mulieris dignitatem<\/a><\/i>, del beato Papa Giovanni Paolo II, sulla dignit\u00e0 e la vocazione della donna. Questo documento \u00e8 ricco di spunti che meritano di essere ripresi e sviluppati; e alla base di tutto c\u2019\u00e8 la figura di Maria, infatti usc\u00ec in occasione dell\u2019Anno Mariano. Facciamo nostra la preghiera posta alla fine di questa Lettera Apostolica (cfr n. 31): affinch\u00e9, meditando il mistero biblico della donna, condensato in Maria, tutte le donne vi trovino se stesse e la pienezza della loro vocazione, e in tutta la Chiesa si approfondisca e si capisca di pi\u00f9 il tanto grande e importante ruolo della donna.<\/p>\n<p style=\"text-align: justify;\">Ringrazio tutti i presenti, abitanti di Castel Gandolfo e pellegrini! Ringrazio voi e gli abitanti di Castel Gandolfo, grazie tante! \u2026 E tutti i pellegrini, in particolare quelli della Guinea con il loro Vescovo. Saludo con afecto a las alumnas del Colegio Pasionista \u201cMichael Ham\u201d de Vicente L\u00f3pez, Argentina; as\u00ed como a los j\u00f3venes de la Banda de m\u00fasica del Colegio Jos\u00e9 de Jes\u00fas Rebolledo de Coatepec, M\u00e9xico.<\/p>\n<p style=\"text-align: justify;\">E adesso, tutti insieme, preghiamo la Madonna:<\/p>\n<p><i>Angelus Domini<\/i>\u2026<\/p>\n<p><b>Dopo l&#8217;Angelus<\/b><\/p>\n<p>Vi auguro buona festa oggi, giorno della Madonna: buona festa e buon pranzo!<\/p>\n<ul>\n<li><a href=\"http:\/\/www.vatican.va\/holy_father\/francesco\/angelus\/2013\/documents\/papa-francesco_angelus_20130815_assunzione-maria_it.html\">Fonte<\/a> <em>\u00a9 Copyright 2013 &#8211; Libreria Editrice Vaticana<\/em><\/li>\n<li><a href=\"http:\/\/player.rv.va\/vaticanplayer.asp?language=it&amp;tic=VA_GT116I52\" target=\"_blank\"><em>Link al Video<\/em><\/a><\/li>\n<li>[highlight]<a href=\"http:\/\/www.vatican.va\/holy_father\/francesco\/homilies\/2013\/documents\/papa-francesco_20130815_omelia-assunzione_it.html\" target=\"_blank\">Testo dell&#8217;Omelia<\/a>\u00a0e file\u00a0<a href=\"http:\/\/media01.radiovaticana.va\/audiomp3\/00386084.MP3\" target=\"_blank\">mp3<\/a>[\/highlight]<\/li>\n<\/ul>\n<\/blockquote>\n<p><img loading=\"lazy\" decoding=\"async\" class=\"alignnone size-full wp-image-25340\" style=\"margin-bottom: -35px;\" title=\"ascolta-il-podcast\" alt=\"\" src=\"http:\/\/www.cercoiltuovolto.it\/wp-content\/uploads\/2012\/09\/ascolta-il-podcast.png\" width=\"277\" height=\"77\" \/><\/p>\n<div class=\"powerpressbox\">[powerpress]<\/div>\n<p style=\"text-align: justify;\"><strong>Fonte<\/strong>: Radio Vaticana via FeedRss<br \/><span style=\"font-size: xx-small;\"><em>(The content of this podcast is copyrighted by Vatican Radio which, according to its statute, is entrusted to manage and protect the sound recordings of the Roman Pontiff, ensuring that their pastoral character and intellectual property&#8217;s rights are protected when used by third parties. The content of this podcast is made available only for personal and private use and cannot be exploited for commercial purposes, without prior written authorization by Vatican Radio. For further information, please contact the International Relation Office at relint@vatiradio.va)<\/em><\/span><\/p>\n","protected":false},"excerpt":{"rendered":"<p>Cari fratelli e sorelle, al termine di questa Celebrazione ci rivolgiamo alla Vergine Maria con la preghiera dell\u2019Angelus. Il cammino di Maria verso il Cielo \u00e8 cominciato da quel \u201cs\u00ec\u201d pronunciato a Nazaret, in risposta al Messaggero celeste che le annunciava la volont\u00e0 di Dio per lei. E in realt\u00e0 \u00e8 proprio cos\u00ec: ogni \u201cs\u00ec\u201d&#8230;<\/p>\n","protected":false},"author":3,"featured_media":0,"comment_status":"closed","ping_status":"closed","sticky":false,"template":"","format":"standard","meta":{"_kad_post_transparent":"","_kad_post_title":"","_kad_post_layout":"","_kad_post_sidebar_id":"","_kad_post_content_style":"","_kad_post_vertical_padding":"","_kad_post_feature":"","_kad_post_feature_position":"","_kad_post_header":false,"_kad_post_footer":false,"_kad_post_classname":"","footnotes":""},"categories":[103,114],"tags":[684,195,9],"class_list":["post-234917","post","type-post","status-publish","format-standard","hentry","category-103","category-angelus","tag-francesco","tag-maria","tag-vaticano"],"_links":{"self":[{"href":"https:\/\/archivio.cercoiltuovolto.it\/index.php?rest_route=\/wp\/v2\/posts\/234917","targetHints":{"allow":["GET"]}}],"collection":[{"href":"https:\/\/archivio.cercoiltuovolto.it\/index.php?rest_route=\/wp\/v2\/posts"}],"about":[{"href":"https:\/\/archivio.cercoiltuovolto.it\/index.php?rest_route=\/wp\/v2\/types\/post"}],"author":[{"embeddable":true,"href":"https:\/\/archivio.cercoiltuovolto.it\/index.php?rest_route=\/wp\/v2\/users\/3"}],"replies":[{"embeddable":true,"href":"https:\/\/archivio.cercoiltuovolto.it\/index.php?rest_route=%2Fwp%2Fv2%2Fcomments&post=234917"}],"version-history":[{"count":0,"href":"https:\/\/archivio.cercoiltuovolto.it\/index.php?rest_route=\/wp\/v2\/posts\/234917\/revisions"}],"wp:attachment":[{"href":"https:\/\/archivio.cercoiltuovolto.it\/index.php?rest_route=%2Fwp%2Fv2%2Fmedia&parent=234917"}],"wp:term":[{"taxonomy":"category","embeddable":true,"href":"https:\/\/archivio.cercoiltuovolto.it\/index.php?rest_route=%2Fwp%2Fv2%2Fcategories&post=234917"},{"taxonomy":"post_tag","embeddable":true,"href":"https:\/\/archivio.cercoiltuovolto.it\/index.php?rest_route=%2Fwp%2Fv2%2Ftags&post=234917"}],"curies":[{"name":"wp","href":"https:\/\/api.w.org\/{rel}","templated":true}]}}