{"id":234889,"date":"2013-07-11T23:50:20","date_gmt":"2013-07-11T23:50:20","guid":{"rendered":"https:\/\/archivio.cercoiltuovolto.it\/?p=234889"},"modified":"2013-07-11T23:50:20","modified_gmt":"2013-07-11T23:50:20","slug":"papa-francesco-omelia-della-santa-messa-a-lampedusa-08-luglio-2013-in-mp3","status":"publish","type":"post","link":"https:\/\/archivio.cercoiltuovolto.it\/?p=234889","title":{"rendered":"Papa Francesco &#8211; Omelia della Santa Messa a Lampedusa 08 luglio 2013 in mp3"},"content":{"rendered":"<p align=\"center\"><em>Campo sportivo &#8220;Arena&#8221; in Localit\u00e0 Salina<\/em><br \/>\n<em>Luned\u00ec, 8 luglio 2013<\/em><\/p>\n<p style=\"text-align: justify;\">Immigrati morti in mare, da quelle barche che invece di essere una via di speranza sono state una via di morte. Cos\u00ec il titolo dei giornali. Quando alcune settimane fa ho appreso questa notizia, che purtroppo tante volte si \u00e8 ripetuta, il pensiero vi \u00e8 tornato continuamente come una spina nel cuore che porta sofferenza. E allora ho sentito che dovevo venire qui oggi a pregare, a compiere un gesto di vicinanza, ma anche a risvegliare le nostre coscienze perch\u00e9 ci\u00f2 che \u00e8 accaduto non si ripeta. Non si ripeta per favore. Prima per\u00f2 vorrei dire una parola di sincera gratitudine e di incoraggiamento a voi, abitanti di Lampedusa e Linosa, alle associazioni, ai volontari e alle forze di sicurezza, che avete mostrato e mostrate attenzione a persone nel loro viaggio verso qualcosa di migliore. Voi siete una piccola realt\u00e0, ma offrite un esempio di solidariet\u00e0! Grazie! Grazie anche all\u2019Arcivescovo Mons. Francesco Montenegro per il suo aiuto, il suo lavoro e la sua vicinanza pastorale. Saluto cordialmente il sindaco signora Giusi Nicolini, grazie tanto per quello che lei ha fatto e che fa. Un pensiero lo rivolgo ai cari immigrati musulmani che oggi, alla sera, stanno iniziando il digiuno di Ramadan, con l\u2019augurio di abbondanti frutti spirituali. La Chiesa vi \u00e8 vicina nella ricerca di una vita pi\u00f9 dignitosa per voi e le vostre famiglie. A voi: o\u2019sci\u00e0!<\/p>\n<p style=\"text-align: justify;\">Questa mattina, alla luce della Parola di Dio che abbiamo ascoltato, vorrei proporre alcune parole che soprattutto provochino la coscienza di tutti, spingano a riflettere e a cambiare concretamente certi atteggiamenti.<\/p>\n<p style=\"text-align: justify;\">\u00abAdamo, dove sei?\u00bb: \u00e8 la prima domanda che Dio rivolge all\u2019uomo dopo il peccato. \u00abDove sei Adamo?\u00bb. E Adamo \u00e8 un uomo disorientato che ha perso il suo posto nella creazione perch\u00e9 crede di diventare potente, di poter dominare tutto, di essere Dio. E l\u2019armonia si rompe, l\u2019uomo sbaglia e questo si ripete anche nella relazione con l\u2019altro che non \u00e8 pi\u00f9 il fratello da amare, ma semplicemente l\u2019altro che disturba la mia vita, il mio benessere. E Dio pone la seconda domanda: \u00abCaino, dov\u2019\u00e8 tuo fratello?\u00bb. Il sogno di essere potente, di essere grande come Dio, anzi di essere Dio, porta ad una catena di sbagli che \u00e8 catena di morte, porta a versare il sangue del fratello!<\/p>\n<p style=\"text-align: justify;\">Queste due domande di Dio risuonano anche oggi, con tutta la loro forza! Tanti di noi, mi includo anch\u2019io, siamo disorientati, non siamo pi\u00f9 attenti al mondo in cui viviamo, non curiamo, non custodiamo quello che Dio ha creato per tutti e non siamo pi\u00f9 capaci neppure di custodirci gli uni gli altri. E quando questo disorientamento assume le dimensioni del mondo, si giunge a tragedie come quella a cui abbiamo assistito.<\/p>\n<p style=\"text-align: justify;\">\u00abDov\u2019\u00e8 il tuo fratello?\u00bb, la voce del suo sangue grida fino a me, dice Dio. Questa non \u00e8 una domanda rivolta ad altri, \u00e8 una domanda rivolta a me, a te, a ciascuno di noi. Quei nostri fratelli e sorelle cercavano di uscire da situazioni difficili per trovare un po\u2019 di serenit\u00e0 e di pace; cercavano un posto migliore per s\u00e9 e per le loro famiglie, ma hanno trovato la morte. Quante volte coloro che cercano questo non trovano comprensione, non trovanoaccoglienza, non trovano solidariet\u00e0! E le loro voci salgono fino a Dio! E una volta ancora ringrazio voi abitanti di Lampedusa per la solidariet\u00e0. Ho sentito, recentemente, uno di questi fratelli. Prima di arrivare qui sono passati per le mani dei trafficanti, coloro che sfruttano la povert\u00e0 degli altri, queste persone per le quali la povert\u00e0 degli altri \u00e8 una fonte di guadagno. Quanto hanno sofferto! E alcuni non sono riusciti ad arrivare.<\/p>\n<p style=\"text-align: justify;\">\u00abDov\u2019\u00e8 il tuo fratello?\u00bb Chi \u00e8 il responsabile di questo sangue? Nella letteratura spagnola c\u2019\u00e8 una commedia di Lope de Vega che narra come gli abitanti della citt\u00e0 di\u00a0<i>Fuente Ovejuna<\/i>\u00a0uccidono il Governatore perch\u00e9 \u00e8 un tiranno, e lo fanno in modo che non si sappia chi ha compiuto l\u2019esecuzione. E quando il giudice del re chiede: \u00abChi ha ucciso il Governatore?\u00bb, tutti rispondono: \u00ab<i>Fuente Ovejuna<\/i>, Signore\u00bb. Tutti e nessuno! Anche oggi questa domanda emerge con forza: Chi \u00e8 il responsabile del sangue di questi fratelli e sorelle? Nessuno! Tutti noi rispondiamo cos\u00ec: non sono io, io non c\u2019entro, saranno altri, non certo io. Ma Dio chiede a ciascuno di noi: \u00abDov\u2019\u00e8 il sangue del tuo fratello che grida fino a me?\u00bb. Oggi nessuno nel mondo si sente responsabile di questo; abbiamo perso il senso della responsabilit\u00e0 fraterna; siamo caduti nell\u2019atteggiamento ipocrita del sacerdote e del servitore dell\u2019altare, di cui parlava Ges\u00f9 nella parabola del Buon Samaritano: guardiamo il fratello mezzo morto sul ciglio della strada, forse pensiamo \u201cpoverino\u201d, e continuiamo per la nostra strada, non \u00e8 compito nostro; e con questo ci tranquillizziamo, ci sentiamo a posto. La cultura del benessere, che ci porta a pensare a noi stessi, ci rende insensibili alle grida degli altri, ci fa vivere in bolle di sapone, che sono belle, ma non sono nulla, sono l\u2019illusione del futile, del provvisorio, che porta all\u2019indifferenza verso gli altri, anzi porta alla globalizzazione dell\u2019indifferenza. In questo mondo della globalizzazione siamo caduti nella globalizzazione dell&#8217;indifferenza.Ci siamo abituati alla sofferenza dell\u2019altro, non ci riguarda, non ci interessa, non \u00e8 affare nostro!<\/p>\n<p style=\"text-align: justify;\">Ritorna la figura dell\u2019Innominato di Manzoni. La globalizzazione dell\u2019indifferenza ci rende tutti \u201cinnominati\u201d, responsabili senza nome e senza volto.<\/p>\n<p style=\"text-align: justify;\">\u00abAdamo dove sei?\u00bb, \u00abDov\u2019\u00e8 il tuo fratello?\u00bb, sono le due domande che Dio pone all\u2019inizio della storia dell\u2019umanit\u00e0 e che rivolge anche a tutti gli uomini del nostro tempo, anche a noi. Ma io vorrei che ci ponessimo una terza domanda: \u00abChi di noi ha pianto per questo fatto e per fatti come questo?\u00bb, Chi ha pianto per la morte di questi fratelli e sorelle? Chi ha pianto per queste persone che erano sulla barca? Per le giovani mamme che portavano i loro bambini? Per questi uomini che desideravano qualcosa per sostenere le proprie famiglie? Siamo una societ\u00e0 che ha dimenticato l\u2019esperienza del piangere, del \u201cpatire con\u201d: la globalizzazione dell\u2019indifferenza ci ha tolto la capacit\u00e0 di piangere! Nel Vangelo abbiamo ascoltato il grido, il pianto, il grande lamento: \u00abRachele piange i suoi figli\u2026 perch\u00e9 non sono pi\u00f9\u00bb. Erode ha seminato morte per difendere il proprio benessere, la propria bolla di sapone. E questo continua a ripetersi\u2026 Domandiamo al Signore che cancelli ci\u00f2 che di Erode \u00e8 rimasto anche nel nostro cuore; domandiamo al Signore la grazia di piangere sulla nostra indifferenza, di piangere sulla crudelt\u00e0 che c\u2019\u00e8 nel mondo, in noi, anche in coloro che nell\u2019anonimato prendono decisioni socio-economiche che aprono la strada ai drammi come questo. \u00abChi ha pianto?\u00bb. Chi ha pianto oggi nel mondo?<\/p>\n<p style=\"text-align: justify;\">Signore, in questa Liturgia, che \u00e8 una Liturgia di penitenza, chiediamo perdono per l\u2019indifferenza verso tanti fratelli e sorelle, ti chiediamo Padre perdono per chi si \u00e8 accomodato e si \u00e8 chiuso nel proprio benessere che porta all\u2019anestesia del cuore, ti chiediamo perdono per coloro che con le loro decisioni a livello mondiale hanno creato situazioni che conducono a questi drammi. Perdono Signore!<\/p>\n<p style=\"text-align: justify;\">Signore, che sentiamo anche oggi le tue domande:\u00abAdamo dove sei?\u00bb, \u00abDov\u2019\u00e8 il sangue di tuo fratello?\u00bb.<\/p>\n<p style=\"text-align: justify;\"><i>Al termine della Celebrazione il Santo Padre ha pronunciato le seguenti parole:<\/i><\/p>\n<p style=\"text-align: justify;\">Prima di darvi la benedizione voglio ringraziare una volta in pi\u00f9 voi, lampedusani, per l&#8217;esempio di amore, per l&#8217;esempio di carit\u00e0, per l&#8217;esempio di accoglienza che ci state dando, che avete dato e che ancora ci date. Il Vescovo ha detto che Lampedusa \u00e8 un faro. Che questo esempio sia faro in tutto il mondo, perch\u00e9 abbiano il coraggio di accogliere quelli che cercano una vita migliore. Grazie per la vostra testimonianza. E voglio anche ringraziare la vostra tenerezza che ho sentito nella persona di don Stefano. Lui mi raccontava sulla nave quello che lui e il suo vice parroco fanno. Grazie a voi, grazie a lei, don Stefano.<\/p>\n<p><em>\u00a9 Copyright 2013 &#8211; Libreria Editrice Vaticana<\/em><\/p>\n<p><a href=\"http:\/\/player.rv.va\/vaticanplayer.asp?language=it&amp;tic=VA_718DKMD5\" target=\"_blank\" rel=\"noopener\"><em>Link al Video<\/em><\/a><\/p>\n<p style=\"text-align: justify;\"><strong>Fonte<\/strong>: Radio Vaticana via FeedRss<\/p>\n<p style=\"text-align: justify;\"><span style=\"font-size: xx-small;\"><em>(The content of this podcast is copyrighted by Vatican Radio which, according to its statute, is entrusted to manage and protect the sound recordings of the Roman Pontiff, ensuring that their pastoral character and intellectual property&#8217;s rights are protected when used by third parties. The content of this podcast is made available only for personal and private use and cannot be exploited for commercial purposes, without prior written authorization by Vatican Radio. For further information, please contact the International Relation Office at relint@vatiradio.va)<\/em><\/span><\/p>\n","protected":false},"excerpt":{"rendered":"<p>Campo sportivo &#8220;Arena&#8221; in Localit\u00e0 Salina Luned\u00ec, 8 luglio 2013 Immigrati morti in mare, da quelle barche che invece di essere una via di speranza sono state una via di morte. Cos\u00ec il titolo dei giornali. Quando alcune settimane fa ho appreso questa notizia, che purtroppo tante volte si \u00e8 ripetuta, il pensiero vi \u00e8&#8230;<\/p>\n","protected":false},"author":3,"featured_media":0,"comment_status":"closed","ping_status":"closed","sticky":false,"template":"","format":"standard","meta":{"_kad_post_transparent":"","_kad_post_title":"","_kad_post_layout":"","_kad_post_sidebar_id":"","_kad_post_content_style":"","_kad_post_vertical_padding":"","_kad_post_feature":"","_kad_post_feature_position":"","_kad_post_header":false,"_kad_post_footer":false,"_kad_post_classname":"","footnotes":""},"categories":[103,685],"tags":[501,9],"class_list":["post-234889","post","type-post","status-publish","format-standard","hentry","category-103","category-francesco","tag-omelia","tag-vaticano"],"_links":{"self":[{"href":"https:\/\/archivio.cercoiltuovolto.it\/index.php?rest_route=\/wp\/v2\/posts\/234889","targetHints":{"allow":["GET"]}}],"collection":[{"href":"https:\/\/archivio.cercoiltuovolto.it\/index.php?rest_route=\/wp\/v2\/posts"}],"about":[{"href":"https:\/\/archivio.cercoiltuovolto.it\/index.php?rest_route=\/wp\/v2\/types\/post"}],"author":[{"embeddable":true,"href":"https:\/\/archivio.cercoiltuovolto.it\/index.php?rest_route=\/wp\/v2\/users\/3"}],"replies":[{"embeddable":true,"href":"https:\/\/archivio.cercoiltuovolto.it\/index.php?rest_route=%2Fwp%2Fv2%2Fcomments&post=234889"}],"version-history":[{"count":0,"href":"https:\/\/archivio.cercoiltuovolto.it\/index.php?rest_route=\/wp\/v2\/posts\/234889\/revisions"}],"wp:attachment":[{"href":"https:\/\/archivio.cercoiltuovolto.it\/index.php?rest_route=%2Fwp%2Fv2%2Fmedia&parent=234889"}],"wp:term":[{"taxonomy":"category","embeddable":true,"href":"https:\/\/archivio.cercoiltuovolto.it\/index.php?rest_route=%2Fwp%2Fv2%2Fcategories&post=234889"},{"taxonomy":"post_tag","embeddable":true,"href":"https:\/\/archivio.cercoiltuovolto.it\/index.php?rest_route=%2Fwp%2Fv2%2Ftags&post=234889"}],"curies":[{"name":"wp","href":"https:\/\/api.w.org\/{rel}","templated":true}]}}