{"id":234862,"date":"2013-06-13T18:58:49","date_gmt":"2013-06-13T18:58:49","guid":{"rendered":"https:\/\/archivio.cercoiltuovolto.it\/?p=234862"},"modified":"2013-06-13T18:58:49","modified_gmt":"2013-06-13T18:58:49","slug":"lamore-e-la-via-migliore-inno-alla-carita","status":"publish","type":"post","link":"https:\/\/archivio.cercoiltuovolto.it\/?p=234862","title":{"rendered":"L\u2019amore \u00e8 la via migliore. Inno alla carit\u00e0"},"content":{"rendered":"<blockquote>\n<p>&#8220;<em>Tre cose rimangono: la fede, la speranza e la carit\u00e0; ma di tutte pi\u00f9 grande \u00e8 la carit\u00e0!<\/em>&#8220;<\/p>\n<\/blockquote>\n<p>Proposta video dell&#8217;inno alla carit\u00e0 di San Paolo (1 Corinti 13, 1-8) in un contesto di preghiera contemplazione, assimilazione della Parola di Dio.<\/p>\n<p>http:\/\/youtu.be\/LpOVwjULVo4<\/p>\n<p>Vai alla proposta di preghiera:\u00a0<a href=\"http:\/\/www.paoline.it\/Idee-per-pregare\/SAN-PAOLO\/articoloRubrica_arb1776.aspx\" target=\"_blank\">http:\/\/www.paoline.it\/Idee-<wbr \/>per-pregare\/SAN-PAOLO\/<wbr \/>articoloRubrica_arb1776.aspx<\/a><\/p>\n","protected":false},"excerpt":{"rendered":"<p>&#8220;Tre cose rimangono: la fede, la speranza e la carit\u00e0; ma di tutte pi\u00f9 grande \u00e8 la carit\u00e0!&#8220; Proposta video dell&#8217;inno alla carit\u00e0 di San Paolo (1 Corinti 13, 1-8) in un contesto di preghiera contemplazione, assimilazione della Parola di Dio. http:\/\/youtu.be\/LpOVwjULVo4 Vai alla proposta di preghiera:\u00a0http:\/\/www.paoline.it\/Idee-per-pregare\/SAN-PAOLO\/articoloRubrica_arb1776.aspx<\/p>\n","protected":false},"author":3,"featured_media":0,"comment_status":"closed","ping_status":"closed","sticky":false,"template":"","format":"standard","meta":{"_kad_post_transparent":"","_kad_post_title":"","_kad_post_layout":"","_kad_post_sidebar_id":"","_kad_post_content_style":"","_kad_post_vertical_padding":"","_kad_post_feature":"","_kad_post_feature_position":"","_kad_post_header":false,"_kad_post_footer":false,"_kad_post_classname":"","footnotes":""},"categories":[103,6],"tags":[],"class_list":["post-234862","post","type-post","status-publish","format-standard","hentry","category-103","category-video"],"_links":{"self":[{"href":"https:\/\/archivio.cercoiltuovolto.it\/index.php?rest_route=\/wp\/v2\/posts\/234862","targetHints":{"allow":["GET"]}}],"collection":[{"href":"https:\/\/archivio.cercoiltuovolto.it\/index.php?rest_route=\/wp\/v2\/posts"}],"about":[{"href":"https:\/\/archivio.cercoiltuovolto.it\/index.php?rest_route=\/wp\/v2\/types\/post"}],"author":[{"embeddable":true,"href":"https:\/\/archivio.cercoiltuovolto.it\/index.php?rest_route=\/wp\/v2\/users\/3"}],"replies":[{"embeddable":true,"href":"https:\/\/archivio.cercoiltuovolto.it\/index.php?rest_route=%2Fwp%2Fv2%2Fcomments&post=234862"}],"version-history":[{"count":0,"href":"https:\/\/archivio.cercoiltuovolto.it\/index.php?rest_route=\/wp\/v2\/posts\/234862\/revisions"}],"wp:attachment":[{"href":"https:\/\/archivio.cercoiltuovolto.it\/index.php?rest_route=%2Fwp%2Fv2%2Fmedia&parent=234862"}],"wp:term":[{"taxonomy":"category","embeddable":true,"href":"https:\/\/archivio.cercoiltuovolto.it\/index.php?rest_route=%2Fwp%2Fv2%2Fcategories&post=234862"},{"taxonomy":"post_tag","embeddable":true,"href":"https:\/\/archivio.cercoiltuovolto.it\/index.php?rest_route=%2Fwp%2Fv2%2Ftags&post=234862"}],"curies":[{"name":"wp","href":"https:\/\/api.w.org\/{rel}","templated":true}]}}