{"id":234857,"date":"2013-06-03T22:30:44","date_gmt":"2013-06-03T22:30:44","guid":{"rendered":"https:\/\/archivio.cercoiltuovolto.it\/?p=234857"},"modified":"2013-06-03T22:30:44","modified_gmt":"2013-06-03T22:30:44","slug":"commento-al-vangelo-del-9-giugno-2013-don-lello-ponticelli","status":"publish","type":"post","link":"https:\/\/archivio.cercoiltuovolto.it\/?p=234857","title":{"rendered":"Commento al Vangelo del 9 giugno 2013 &#8211; don Lello Ponticelli"},"content":{"rendered":"<h4 style=\"text-align: center;\"><em>Prediche senza Pulpito a cura di Don Lello Ponticelli dal <a href=\"http:\/\/www.orasorriso.it\">Santuario &#8220;Madonna delle Grazie&#8221; in Procida<\/a>. <br \/><\/em><\/h4>\n<p><div class=\"entry-content-asset videofit\"><iframe loading=\"lazy\" title=\"Commento al Vangelo di Don Lello Ponticelli\" width=\"720\" height=\"405\" src=\"https:\/\/www.youtube.com\/embed\/F0I73Qc3x0M?feature=oembed\" frameborder=\"0\" allow=\"accelerometer; autoplay; clipboard-write; encrypted-media; gyroscope; picture-in-picture; web-share\" referrerpolicy=\"strict-origin-when-cross-origin\" allowfullscreen><\/iframe><\/div>\n<\/p>\n<blockquote>\n<p style=\"text-align: justify;\"><em>Lc 7,11-17<\/em><br \/><em>Dal Vangelo secondo\u00a0Luca<\/em><\/p>\n<p>In quel tempo, Ges\u00f9 si rec\u00f2 in una citt\u00e0 chiamata Nain, e con lui camminavano i suoi discepoli e una grande folla.<br \/>Quando fu vicino alla porta della citt\u00e0, ecco, veniva portato alla tomba un morto, unico figlio di una madre rimasta vedova; e molta gente della citt\u00e0 era con lei.<br \/>Vedendola, il Signore fu preso da grande compassione per lei e le disse: \u00abNon piangere!\u00bb. Si avvicin\u00f2 e tocc\u00f2 la bara, mentre i portatori si fermarono. Poi disse: \u00abRagazzo, dico a te, \u00e0lzati!\u00bb. Il morto si mise seduto e cominci\u00f2 a parlare. Ed egli lo restitu\u00ec a sua madre.<br \/>Tutti furono presi da timore e glorificavano Dio, dicendo: \u00abUn grande profeta \u00e8 sorto tra noi\u00bb, e: \u00abDio ha visitato il suo popolo\u00bb.<br \/>Questa fama di lui si diffuse per tutta quanta la Giudea e in tutta la regione circostante.<\/p>\n<p>C: Parola del Signore.<br \/>A: Lode a Te o Cristo.<\/p>\n<\/blockquote>\n<p class=\"link\"><a href=\"http:\/\/www.youtube.com\/watch?v=F0I73Qc3x0M\">Link al video<\/a><\/p>\n","protected":false},"excerpt":{"rendered":"<p>Prediche senza Pulpito. Commento al Vangelo della domenica a cura di Don Lello Ponticelli dal Santuario &#8220;Madonna delle Grazie&#8221; in Procida.<\/p>\n","protected":false},"author":3,"featured_media":0,"comment_status":"closed","ping_status":"closed","sticky":false,"template":"","format":"standard","meta":{"_kad_post_transparent":"","_kad_post_title":"","_kad_post_layout":"","_kad_post_sidebar_id":"","_kad_post_content_style":"","_kad_post_vertical_padding":"","_kad_post_feature":"","_kad_post_feature_position":"","_kad_post_header":false,"_kad_post_footer":false,"_kad_post_classname":"","footnotes":""},"categories":[103,147],"tags":[172,83],"class_list":["post-234857","post","type-post","status-publish","format-standard","hentry","category-103","category-commento-al-vangelo","tag-vangelo-della-domenica","tag-youtube"],"_links":{"self":[{"href":"https:\/\/archivio.cercoiltuovolto.it\/index.php?rest_route=\/wp\/v2\/posts\/234857","targetHints":{"allow":["GET"]}}],"collection":[{"href":"https:\/\/archivio.cercoiltuovolto.it\/index.php?rest_route=\/wp\/v2\/posts"}],"about":[{"href":"https:\/\/archivio.cercoiltuovolto.it\/index.php?rest_route=\/wp\/v2\/types\/post"}],"author":[{"embeddable":true,"href":"https:\/\/archivio.cercoiltuovolto.it\/index.php?rest_route=\/wp\/v2\/users\/3"}],"replies":[{"embeddable":true,"href":"https:\/\/archivio.cercoiltuovolto.it\/index.php?rest_route=%2Fwp%2Fv2%2Fcomments&post=234857"}],"version-history":[{"count":0,"href":"https:\/\/archivio.cercoiltuovolto.it\/index.php?rest_route=\/wp\/v2\/posts\/234857\/revisions"}],"wp:attachment":[{"href":"https:\/\/archivio.cercoiltuovolto.it\/index.php?rest_route=%2Fwp%2Fv2%2Fmedia&parent=234857"}],"wp:term":[{"taxonomy":"category","embeddable":true,"href":"https:\/\/archivio.cercoiltuovolto.it\/index.php?rest_route=%2Fwp%2Fv2%2Fcategories&post=234857"},{"taxonomy":"post_tag","embeddable":true,"href":"https:\/\/archivio.cercoiltuovolto.it\/index.php?rest_route=%2Fwp%2Fv2%2Ftags&post=234857"}],"curies":[{"name":"wp","href":"https:\/\/api.w.org\/{rel}","templated":true}]}}