{"id":234826,"date":"2013-05-10T22:05:21","date_gmt":"2013-05-10T22:05:21","guid":{"rendered":"https:\/\/archivio.cercoiltuovolto.it\/?p=234826"},"modified":"2013-05-10T22:05:21","modified_gmt":"2013-05-10T22:05:21","slug":"papa-francesco-udienza-generale-del-8-maggio-2013-in-mp3","status":"publish","type":"post","link":"https:\/\/archivio.cercoiltuovolto.it\/?p=234826","title":{"rendered":"Papa Francesco &#8211; Udienza Generale del 8 maggio 2013 in mp3"},"content":{"rendered":"<blockquote>\n<p style=\"text-align: justify;\"><i>Cari fratelli e sorelle, buongiorno!<\/i><\/p>\n<p style=\"text-align: justify;\">Il tempo pasquale che con gioia stiamo vivendo, guidati dalla liturgia della Chiesa, \u00e8 per eccellenza il tempo dello Spirito Santo donato \u00absenza misura\u00bb (cfr\u00a0<i>Gv<\/i>\u00a03,34) da Ges\u00f9 crocifisso e risorto. Questo tempo di grazia si conclude con la festa della Pentecoste, in cui la Chiesa rivive l\u2019effusione dello Spirito su Maria e gli Apostoli raccolti in preghiera nel Cenacolo.<\/p>\n<p style=\"text-align: justify;\">Ma chi \u00e8 lo Spirito Santo? Nel\u00a0<i>Credo<\/i>\u00a0noi professiamo con fede: \u00abCredo nello Spirito Santo che \u00e8 Signore e d\u00e0 la vita\u00bb. La prima verit\u00e0 a cui aderiamo nel\u00a0<i>Credo<\/i>\u00a0\u00e8 che lo Spirito Santo \u00e8\u00a0<i>K\u00fdrios<\/i>, Signore. Ci\u00f2 significa che Egli \u00e8 veramente Dio come lo sono il Padre e il Figlio, oggetto, da parte nostra, dello stesso atto di adorazione e di glorificazione che rivolgiamo al Padre e al Figlio. Lo Spirito Santo, infatti, \u00e8 la terza Persona della Santissima Trinit\u00e0; \u00e8 il grande dono del Cristo Risorto che apre la nostra mente e il nostro cuore alla fede in Ges\u00f9 come il Figlio inviato dal Padre e che ci guida all\u2019amicizia, alla comunione con Dio.<\/p>\n<p style=\"text-align: justify;\">Ma vorrei soffermarmi soprattutto sul fatto che\u00a0<i>lo Spirito Santo \u00e8 la sorgente inesauribile della vita di Dio in noi<\/i>. L\u2019uomo di tutti i tempi e di tutti i luoghi desidera una vita piena e bella, giusta e buona, una vita che non sia minacciata dalla morte, ma che possa maturare e crescere fino alla sua pienezza. L\u2019uomo \u00e8 come un viandante che, attraversando i deserti della vita, ha sete di un\u2019acqua viva, zampillante e fresca, capace di dissetare in profondit\u00e0 il suo desiderio profondo di luce, di amore, di bellezza e di pace. Tutti sentiamo questo desiderio! E Ges\u00f9 ci dona quest\u2019acqua viva: essa \u00e8 lo Spirito Santo, che procede dal Padre e che Ges\u00f9 riversa nei nostri cuori. \u00abIo sono venuto perch\u00e9 abbiano la vita e l\u2019abbiano in abbondanza\u00bb, ci dice Ges\u00f9 (<i>Gv<\/i>\u00a010,10).<\/p>\n<p style=\"text-align: justify;\">Ges\u00f9 promette alla Samaritana di donare un\u2019\u201cacqua viva\u201d, con sovrabbondanza e per sempre, a tutti coloro che lo riconoscono come il Figlio inviato dal Padre per salvarci (cfr\u00a0<i>Gv<\/i>\u00a04, 5-26; 3,17). Ges\u00f9 \u00e8 venuto a donarci quest\u2019\u201cacqua viva\u201d che \u00e8 lo Spirito Santo, perch\u00e9 la nostra vita sia guidata da Dio, sia animata da Dio, sia nutrita da Dio. Quando noi diciamo che il cristiano \u00e8 un uomo spirituale intendiamo proprio questo: il cristiano \u00e8 una persona che pensa e agisce secondo Dio, secondo lo Spirito Santo. Ma mi faccio una domanda: e noi, pensiamo secondo Dio? Agiamo secondo Dio? O ci lasciamo guidare da tante altre cose che non sono propriamente Dio? Ciascuno di noi deve rispondere a questo nel profondo del suo cuore.<\/p>\n<p style=\"text-align: justify;\">A questo punto possiamo chiederci: perch\u00e9 quest\u2019acqua pu\u00f2 dissetarci sino in fondo? Noi sappiamo che l\u2019acqua \u00e8 essenziale per la vita; senz\u2019acqua si muore; essa disseta, lava, rende feconda la terra. Nella\u00a0<i>Lettera ai Romani<\/i>\u00a0troviamo questa espressione: \u00abL\u2019amore di Dio \u00e8 stato riversato nei nostri cuori per mezzo dello Spirito Santo che ci \u00e8 stato dato\u00bb (5,5). L\u2019\u201cacqua viva\u201d, lo Spirito Santo, Dono del Risorto che prende dimora in noi, ci purifica, ci illumina, ci rinnova, ci trasforma perch\u00e9 ci rende partecipi della vita stessa di Dio che \u00e8 Amore. Per questo, l\u2019Apostolo Paolo afferma che la vita del cristiano \u00e8 animata dallo Spirito e dai suoi frutti, che sono \u00abamore, gioia, pace, magnanimit\u00e0, benevolenza, bont\u00e0, fedelt\u00e0, mitezza, dominio di s\u00e9\u00bb (<i>Gal<\/i>\u00a05,22-23).\u00a0<i>Lo Spirito Santo ci introduce nella vita divina come \u201cfigli nel Figlio Unigenito\u201d<\/i>. In un altro passo della\u00a0<i>Lettera ai Romani<\/i>, che abbiamo ricordato pi\u00f9 volte, san Paolo lo sintetizza con queste parole: \u00abTutti quelli che sono guidati dallo Spirito di Dio, questi sono figli di Dio. E voi\u2026 avete ricevuto lo Spirito che rende figli adottivi, per mezzo del quale gridiamo \u201cAbb\u00e0! Padre!\u201d. Lo Spirito stesso, insieme al nostro spirito, attesta che siamo figli di Dio. E se siamo figli, siamo anche eredi: eredi di Dio, coeredi di Cristo, se davvero prendiamo parte alle sue sofferenze per partecipare anche alla sua gloria\u00bb (8,14-17). Questo \u00e8 il dono prezioso che lo Spirito Santo porta nei nostri cuori: la vita stessa di Dio, vita di veri figli, un rapporto di confidenza, di libert\u00e0 e di fiducia nell\u2019amore e nella misericordia di Dio, che ha come effetto anche uno sguardo nuovo verso gli altri, vicini e lontani, visti sempre come fratelli e sorelle in Ges\u00f9 da rispettare e da amare. Lo Spirito Santo ci insegna a guardare con gli occhi di Cristo, a vivere la vita come l\u2019ha vissuta Cristo, a comprendere la vita come l\u2019ha compresa Cristo. Ecco perch\u00e9 l\u2019acqua viva che \u00e8 lo Spirito Santo disseta la nostra vita, perch\u00e9 ci dice che siamo amati da Dio come figli, che possiamo amare Dio come suoi figli e che con la sua grazia possiamo vivere da figli di Dio, come Ges\u00f9. E noi, ascoltiamo lo Spirito Santo? Cosa ci dice lo Spirito Santo? Dice: Dio ti ama. Ci dice questo. Dio ti ama, Dio ti vuole bene. Noi amiamo veramente Dio e gli altri, come Ges\u00f9? Lasciamoci guidare dallo Spirito Santo, lasciamo che Lui ci parli al cuore e ci dica questo: che Dio \u00e8 amore, che Dio ci aspetta, che Dio \u00e8 il Padre, ci ama come vero Pap\u00e0, ci ama veramente e questo lo dice soltanto lo Spirito Santo al cuore. Sentiamo lo Spirito Santo, ascoltiamo lo Spirito Santo e andiamo avanti per questa strada dell&#8217;amore, della misericordia e del perdono. Grazie.<\/p>\n<ul>\n<li><a href=\"http:\/\/www.vatican.va\/holy_father\/francesco\/audiences\/2013\/documents\/papa-francesco_20130508_udienza-generale_it.html\">Leggi tutto il messaggio<\/a> <em>\u00a9 Copyright 2013 &#8211; Libreria Editrice Vaticana<\/em><\/li>\n<li><a href=\"http:\/\/player.rv.va\/vaticanplayer.asp?language=it&amp;tic=VA_19EU4CZ2\" target=\"_blank\"><em>Link al Video<\/em><\/a><\/li>\n<\/ul>\n<\/blockquote>\n<p><img loading=\"lazy\" decoding=\"async\" class=\"alignnone size-full wp-image-25340\" style=\"margin-bottom: -35px;\" title=\"ascolta-il-podcast\" alt=\"\" src=\"http:\/\/www.cercoiltuovolto.it\/wp-content\/uploads\/2012\/09\/ascolta-il-podcast.png\" width=\"277\" height=\"77\" \/><\/p>\n<div class=\"powerpressbox\">[powerpress]<\/div>\n<p style=\"text-align: justify;\"><strong>Fonte<\/strong>: Radio Vaticana via FeedRss<\/p>\n<p style=\"text-align: justify;\"><span style=\"font-size: xx-small;\"><em>(The content of this podcast is copyrighted by Vatican Radio which, according to its statute, is entrusted to manage and protect the sound recordings of the Roman Pontiff, ensuring that their pastoral character and intellectual property&#8217;s rights are protected when used by third parties. The content of this podcast is made available only for personal and private use and cannot be exploited for commercial purposes, without prior written authorization by Vatican Radio. For further information, please contact the International Relation Office at relint@vatiradio.va)<\/em><\/span><\/p>\n","protected":false},"excerpt":{"rendered":"<p>Cari fratelli e sorelle, buongiorno! Il tempo pasquale che con gioia stiamo vivendo, guidati dalla liturgia della Chiesa, \u00e8 per eccellenza il tempo dello Spirito Santo donato \u00absenza misura\u00bb (cfr\u00a0Gv\u00a03,34) da Ges\u00f9 crocifisso e risorto. Questo tempo di grazia si conclude con la festa della Pentecoste, in cui la Chiesa rivive l\u2019effusione dello Spirito su&#8230;<\/p>\n","protected":false},"author":3,"featured_media":0,"comment_status":"closed","ping_status":"closed","sticky":false,"template":"","format":"standard","meta":{"_kad_post_transparent":"","_kad_post_title":"","_kad_post_layout":"","_kad_post_sidebar_id":"","_kad_post_content_style":"","_kad_post_vertical_padding":"","_kad_post_feature":"","_kad_post_feature_position":"","_kad_post_header":false,"_kad_post_footer":false,"_kad_post_classname":"","footnotes":""},"categories":[103,685],"tags":[65,9],"class_list":["post-234826","post","type-post","status-publish","format-standard","hentry","category-103","category-francesco","tag-udienza-generale","tag-vaticano"],"_links":{"self":[{"href":"https:\/\/archivio.cercoiltuovolto.it\/index.php?rest_route=\/wp\/v2\/posts\/234826","targetHints":{"allow":["GET"]}}],"collection":[{"href":"https:\/\/archivio.cercoiltuovolto.it\/index.php?rest_route=\/wp\/v2\/posts"}],"about":[{"href":"https:\/\/archivio.cercoiltuovolto.it\/index.php?rest_route=\/wp\/v2\/types\/post"}],"author":[{"embeddable":true,"href":"https:\/\/archivio.cercoiltuovolto.it\/index.php?rest_route=\/wp\/v2\/users\/3"}],"replies":[{"embeddable":true,"href":"https:\/\/archivio.cercoiltuovolto.it\/index.php?rest_route=%2Fwp%2Fv2%2Fcomments&post=234826"}],"version-history":[{"count":0,"href":"https:\/\/archivio.cercoiltuovolto.it\/index.php?rest_route=\/wp\/v2\/posts\/234826\/revisions"}],"wp:attachment":[{"href":"https:\/\/archivio.cercoiltuovolto.it\/index.php?rest_route=%2Fwp%2Fv2%2Fmedia&parent=234826"}],"wp:term":[{"taxonomy":"category","embeddable":true,"href":"https:\/\/archivio.cercoiltuovolto.it\/index.php?rest_route=%2Fwp%2Fv2%2Fcategories&post=234826"},{"taxonomy":"post_tag","embeddable":true,"href":"https:\/\/archivio.cercoiltuovolto.it\/index.php?rest_route=%2Fwp%2Fv2%2Ftags&post=234826"}],"curies":[{"name":"wp","href":"https:\/\/api.w.org\/{rel}","templated":true}]}}