{"id":234817,"date":"2013-05-08T06:58:51","date_gmt":"2013-05-08T06:58:51","guid":{"rendered":"https:\/\/archivio.cercoiltuovolto.it\/?p=234817"},"modified":"2013-05-08T06:58:51","modified_gmt":"2013-05-08T06:58:51","slug":"il-nostro-bisogno-di-verita-enzo-bianchi-e-umberto-galimberti","status":"publish","type":"post","link":"https:\/\/archivio.cercoiltuovolto.it\/?p=234817","title":{"rendered":"Il nostro bisogno di verit\u00e0 &#8211; Enzo Bianchi e Umberto Galimberti"},"content":{"rendered":"<p style=\"text-align: center;\"><a href=\"http:\/\/www.cercoiltuovolto.it\/wp-content\/uploads\/2013\/05\/532960_552292711482118_692498697_n.jpg\"><img loading=\"lazy\" decoding=\"async\" class=\"alignnone size-large wp-image-28318\" alt=\"532960_552292711482118_692498697_n\" src=\"http:\/\/www.cercoiltuovolto.it\/wp-content\/uploads\/2013\/05\/532960_552292711482118_692498697_n-603x450.jpg\" width=\"603\" height=\"450\" \/><\/a><\/p>\n<p style=\"text-align: justify;\">Enzo Bianchi e Umberto Galimberti\u00a0<br \/>modera Giovanni Valentini<\/p>\n<p>Fede e ragione a confronto nel dialogo tra Enzo Bianchi e Umberto Galimberti per comprendere meglio la ricerca della verit\u00e0 che da sempre ha accompagnato il cammino dell\u2019uomo nel mondo. Il bisogno di certezze e il profondo spaesamento che ne deriva non \u00e8 mai stato cos\u00ec forte, sia per i laici che per i cattolici. Se per il priore la sola verit\u00e0 \u00e8 Ges\u00f9 e la nostra ricerca sar\u00e0 sempre imperfetta, per il filosofo la fede \u201ccrede\u201d proprio perch\u00e9 \u201cnon sa\u201d. [<a href=\"http:\/\/video.repubblica.it\/dossier\/repubblica-delle-idee-2013\/il-nostro-bisogno-di-verita\/126312\/124809\" target=\"_blank\">La Repubblica<\/a>]<\/p>\n<p class=\"link\" style=\"text-align: justify;\"><a href=\"http:\/\/www.monasterodibose.it\/content\/view\/4943\/114\/lang,it\/\" target=\"_blank\">Altre info qui<\/a><\/p><\/p>\n","protected":false},"excerpt":{"rendered":"<p>Enzo Bianchi e Umberto Galimberti\u00a0modera Giovanni Valentini Fede e ragione a confronto nel dialogo tra Enzo Bianchi e Umberto Galimberti per comprendere meglio la ricerca della verit\u00e0 che da sempre ha accompagnato il cammino dell\u2019uomo nel mondo. Il bisogno di certezze e il profondo spaesamento che ne deriva non \u00e8 mai stato cos\u00ec forte, sia&#8230;<\/p>\n","protected":false},"author":3,"featured_media":0,"comment_status":"closed","ping_status":"closed","sticky":false,"template":"","format":"standard","meta":{"_kad_post_transparent":"","_kad_post_title":"","_kad_post_layout":"","_kad_post_sidebar_id":"","_kad_post_content_style":"","_kad_post_vertical_padding":"","_kad_post_feature":"","_kad_post_feature_position":"","_kad_post_header":false,"_kad_post_footer":false,"_kad_post_classname":"","footnotes":""},"categories":[103,119],"tags":[15,117,632],"class_list":["post-234817","post","type-post","status-publish","format-standard","hentry","category-103","category-dialogo","tag-fede","tag-incontri","tag-verita"],"_links":{"self":[{"href":"https:\/\/archivio.cercoiltuovolto.it\/index.php?rest_route=\/wp\/v2\/posts\/234817","targetHints":{"allow":["GET"]}}],"collection":[{"href":"https:\/\/archivio.cercoiltuovolto.it\/index.php?rest_route=\/wp\/v2\/posts"}],"about":[{"href":"https:\/\/archivio.cercoiltuovolto.it\/index.php?rest_route=\/wp\/v2\/types\/post"}],"author":[{"embeddable":true,"href":"https:\/\/archivio.cercoiltuovolto.it\/index.php?rest_route=\/wp\/v2\/users\/3"}],"replies":[{"embeddable":true,"href":"https:\/\/archivio.cercoiltuovolto.it\/index.php?rest_route=%2Fwp%2Fv2%2Fcomments&post=234817"}],"version-history":[{"count":0,"href":"https:\/\/archivio.cercoiltuovolto.it\/index.php?rest_route=\/wp\/v2\/posts\/234817\/revisions"}],"wp:attachment":[{"href":"https:\/\/archivio.cercoiltuovolto.it\/index.php?rest_route=%2Fwp%2Fv2%2Fmedia&parent=234817"}],"wp:term":[{"taxonomy":"category","embeddable":true,"href":"https:\/\/archivio.cercoiltuovolto.it\/index.php?rest_route=%2Fwp%2Fv2%2Fcategories&post=234817"},{"taxonomy":"post_tag","embeddable":true,"href":"https:\/\/archivio.cercoiltuovolto.it\/index.php?rest_route=%2Fwp%2Fv2%2Ftags&post=234817"}],"curies":[{"name":"wp","href":"https:\/\/api.w.org\/{rel}","templated":true}]}}