{"id":234797,"date":"2013-04-26T06:26:32","date_gmt":"2013-04-26T06:26:32","guid":{"rendered":"https:\/\/archivio.cercoiltuovolto.it\/?p=234797"},"modified":"2013-04-26T06:26:32","modified_gmt":"2013-04-26T06:26:32","slug":"commento-al-vangelo-del-28-aprile-2013-don-domenico-luciani","status":"publish","type":"post","link":"https:\/\/archivio.cercoiltuovolto.it\/?p=234797","title":{"rendered":"Commento al Vangelo del 28 aprile 2013 &#8211; don Domenico Luciani"},"content":{"rendered":"<p style=\"text-align: center;\">\n<div class=\"entry-content-asset videofit\"><iframe loading=\"lazy\" title=\"Commento al Vangelo del 28 Aprile 2013 a cura di don Domenico Luciani\" width=\"720\" height=\"405\" src=\"https:\/\/www.youtube.com\/embed\/tYTufV3Mcfo?feature=oembed\" frameborder=\"0\" allow=\"accelerometer; autoplay; clipboard-write; encrypted-media; gyroscope; picture-in-picture; web-share\" referrerpolicy=\"strict-origin-when-cross-origin\" allowfullscreen><\/iframe><\/div>\n<\/p>\n<p>Commento al Vangelo della\u00a0<b>V Domenica del Tempo di Pasqua\u00a0<\/b>\u00a0a cura di don Domenico Luciani della <a href=\"http:\/\/www.sabinasantacroce.org\/\">Parrocchia Santa Croce a Passo Corese<\/a> (RI).<\/p>\n<blockquote style=\"text-align: justify;\">\n<p><em>Gv 13, 31-33. 34-35<\/em><br \/><em>Dal Vangelo secondo\u00a0Giovanni<\/em><\/p>\n<p>Quando Giuda fu uscito [dal cenacolo], Ges\u00f9 disse: \u00abOra il Figlio dell&#8217;uomo \u00e8 stato glorificato, e Dio \u00e8 stato glorificato in lui. Se Dio \u00e8 stato glorificato in lui, anche Dio lo glorificher\u00e0 da parte sua e lo glorificher\u00e0 subito.<br \/>Figlioli, ancora per poco sono con voi. Vi do un comandamento nuovo: che vi amiate gli uni gli altri. Come io ho amato voi, cos\u00ec amatevi anche voi gli uni gli altri.<br \/>Da questo tutti sapranno che siete miei discepoli: se avete amore gli uni per gli altri\u00bb.<\/p>\n<p>C: Parola del Signore.<br \/>A: Lode a Te o Cristo.<\/p>\n<\/blockquote>\n<p class=\"link\" style=\"text-align: left;\"><a href=\"http:\/\/youtu.be\/tYTufV3Mcfo\" target=\"_blank\">Link al video<\/a><\/p>\n<p class=\"link\">Sito web: <a href=\"http:\/\/www.sabinasantacroce.org\">Parrocchia Santa Croce<\/a><\/p>\n<p>&nbsp;<\/p>\n","protected":false},"excerpt":{"rendered":"<p>Commento al Vangelo della\u00a0V Domenica del Tempo di Pasqua\u00a0\u00a0a cura di don Domenico Luciani della Parrocchia Santa Croce a Passo Corese (RI). Gv 13, 31-33. 34-35Dal Vangelo secondo\u00a0Giovanni Quando Giuda fu uscito [dal cenacolo], Ges\u00f9 disse: \u00abOra il Figlio dell&#8217;uomo \u00e8 stato glorificato, e Dio \u00e8 stato glorificato in lui. Se Dio \u00e8 stato glorificato&#8230;<\/p>\n","protected":false},"author":3,"featured_media":0,"comment_status":"closed","ping_status":"closed","sticky":false,"template":"","format":"standard","meta":{"_kad_post_transparent":"","_kad_post_title":"","_kad_post_layout":"","_kad_post_sidebar_id":"","_kad_post_content_style":"","_kad_post_vertical_padding":"","_kad_post_feature":"","_kad_post_feature_position":"","_kad_post_header":false,"_kad_post_footer":false,"_kad_post_classname":"","footnotes":""},"categories":[103,147],"tags":[172,83],"class_list":["post-234797","post","type-post","status-publish","format-standard","hentry","category-103","category-commento-al-vangelo","tag-vangelo-della-domenica","tag-youtube"],"_links":{"self":[{"href":"https:\/\/archivio.cercoiltuovolto.it\/index.php?rest_route=\/wp\/v2\/posts\/234797","targetHints":{"allow":["GET"]}}],"collection":[{"href":"https:\/\/archivio.cercoiltuovolto.it\/index.php?rest_route=\/wp\/v2\/posts"}],"about":[{"href":"https:\/\/archivio.cercoiltuovolto.it\/index.php?rest_route=\/wp\/v2\/types\/post"}],"author":[{"embeddable":true,"href":"https:\/\/archivio.cercoiltuovolto.it\/index.php?rest_route=\/wp\/v2\/users\/3"}],"replies":[{"embeddable":true,"href":"https:\/\/archivio.cercoiltuovolto.it\/index.php?rest_route=%2Fwp%2Fv2%2Fcomments&post=234797"}],"version-history":[{"count":0,"href":"https:\/\/archivio.cercoiltuovolto.it\/index.php?rest_route=\/wp\/v2\/posts\/234797\/revisions"}],"wp:attachment":[{"href":"https:\/\/archivio.cercoiltuovolto.it\/index.php?rest_route=%2Fwp%2Fv2%2Fmedia&parent=234797"}],"wp:term":[{"taxonomy":"category","embeddable":true,"href":"https:\/\/archivio.cercoiltuovolto.it\/index.php?rest_route=%2Fwp%2Fv2%2Fcategories&post=234797"},{"taxonomy":"post_tag","embeddable":true,"href":"https:\/\/archivio.cercoiltuovolto.it\/index.php?rest_route=%2Fwp%2Fv2%2Ftags&post=234797"}],"curies":[{"name":"wp","href":"https:\/\/api.w.org\/{rel}","templated":true}]}}