{"id":234796,"date":"2013-04-27T06:07:36","date_gmt":"2013-04-27T06:07:36","guid":{"rendered":"https:\/\/archivio.cercoiltuovolto.it\/?p=234796"},"modified":"2013-04-27T06:07:36","modified_gmt":"2013-04-27T06:07:36","slug":"enzo-bianchi-27-febbraio-2013-genova-compassione","status":"publish","type":"post","link":"https:\/\/archivio.cercoiltuovolto.it\/?p=234796","title":{"rendered":"Enzo Bianchi 27 febbraio 2013 Genova &#8211; Compassione"},"content":{"rendered":"<p style=\"text-align: justify;\">Enzo Bianchi, priore di Bose, cura un ciclo di incontri che sollecitano una profonda riflessione sul nostro linguaggio con l&#8217;obiettivo di ridare forza e senso a quelle parole che sono a rischio di progressivo svuotamento di significato.<br \/>Eppure \u00e8 proprio dal ripensare termini come responsabilit\u00e0, gratuit\u00e0, compassione, bene comune che possono nascere modelli di convivenza pi\u00f9 civili e che possono prendere forma un tessuto comunitario pi\u00f9 forte e una nuova dimensione di etica individuale e collettiva.<\/p>\n<p style=\"text-align: justify;\">\n<div class=\"entry-content-asset videofit\"><iframe loading=\"lazy\" title=\"Enzo Bianchi 27 febbraio 2013 Genova - Compassione\" width=\"720\" height=\"405\" src=\"https:\/\/www.youtube.com\/embed\/qsPR7IdFpHs?feature=oembed\" frameborder=\"0\" allow=\"accelerometer; autoplay; clipboard-write; encrypted-media; gyroscope; picture-in-picture; web-share\" referrerpolicy=\"strict-origin-when-cross-origin\" allowfullscreen><\/iframe><\/div><\/p>\n","protected":false},"excerpt":{"rendered":"<p>Enzo Bianchi, priore di Bose, cura un ciclo di incontri che sollecitano una profonda riflessione sul nostro linguaggio con l&#8217;obiettivo di ridare forza e senso a quelle parole che sono a rischio di progressivo svuotamento di significato.Eppure \u00e8 proprio dal ripensare termini come responsabilit\u00e0, gratuit\u00e0, compassione, bene comune che possono nascere modelli di convivenza pi\u00f9&#8230;<\/p>\n","protected":false},"author":3,"featured_media":0,"comment_status":"closed","ping_status":"closed","sticky":false,"template":"","format":"standard","meta":{"_kad_post_transparent":"","_kad_post_title":"","_kad_post_layout":"","_kad_post_sidebar_id":"","_kad_post_content_style":"","_kad_post_vertical_padding":"","_kad_post_feature":"","_kad_post_feature_position":"","_kad_post_header":false,"_kad_post_footer":false,"_kad_post_classname":"","footnotes":""},"categories":[103,4],"tags":[],"class_list":["post-234796","post","type-post","status-publish","format-standard","hentry","category-103","category-audio-cattolici"],"_links":{"self":[{"href":"https:\/\/archivio.cercoiltuovolto.it\/index.php?rest_route=\/wp\/v2\/posts\/234796","targetHints":{"allow":["GET"]}}],"collection":[{"href":"https:\/\/archivio.cercoiltuovolto.it\/index.php?rest_route=\/wp\/v2\/posts"}],"about":[{"href":"https:\/\/archivio.cercoiltuovolto.it\/index.php?rest_route=\/wp\/v2\/types\/post"}],"author":[{"embeddable":true,"href":"https:\/\/archivio.cercoiltuovolto.it\/index.php?rest_route=\/wp\/v2\/users\/3"}],"replies":[{"embeddable":true,"href":"https:\/\/archivio.cercoiltuovolto.it\/index.php?rest_route=%2Fwp%2Fv2%2Fcomments&post=234796"}],"version-history":[{"count":0,"href":"https:\/\/archivio.cercoiltuovolto.it\/index.php?rest_route=\/wp\/v2\/posts\/234796\/revisions"}],"wp:attachment":[{"href":"https:\/\/archivio.cercoiltuovolto.it\/index.php?rest_route=%2Fwp%2Fv2%2Fmedia&parent=234796"}],"wp:term":[{"taxonomy":"category","embeddable":true,"href":"https:\/\/archivio.cercoiltuovolto.it\/index.php?rest_route=%2Fwp%2Fv2%2Fcategories&post=234796"},{"taxonomy":"post_tag","embeddable":true,"href":"https:\/\/archivio.cercoiltuovolto.it\/index.php?rest_route=%2Fwp%2Fv2%2Ftags&post=234796"}],"curies":[{"name":"wp","href":"https:\/\/api.w.org\/{rel}","templated":true}]}}