{"id":234794,"date":"2013-04-25T22:22:02","date_gmt":"2013-04-25T22:22:02","guid":{"rendered":"https:\/\/archivio.cercoiltuovolto.it\/?p=234794"},"modified":"2013-04-25T22:22:02","modified_gmt":"2013-04-25T22:22:02","slug":"commento-al-vangelo-del-28-aprile-2013-paolo-curtaz","status":"publish","type":"post","link":"https:\/\/archivio.cercoiltuovolto.it\/?p=234794","title":{"rendered":"Commento al Vangelo del 28 aprile 2013 \u2013 Paolo Curtaz"},"content":{"rendered":"<p style=\"text-align: center;\">\n<div class=\"entry-content-asset videofit\"><iframe loading=\"lazy\" title=\"Commento al vangelo del 28 aprile 2013\" width=\"720\" height=\"405\" src=\"https:\/\/www.youtube.com\/embed\/gkoDcLc73tk?feature=oembed\" frameborder=\"0\" allow=\"accelerometer; autoplay; clipboard-write; encrypted-media; gyroscope; picture-in-picture; web-share\" referrerpolicy=\"strict-origin-when-cross-origin\" allowfullscreen><\/iframe><\/div>\n<\/p>\n<p>28 aprile 2013<br \/>V Domenica di Pasqua (Anno C)<br \/>At 14,21-27 \/ Sal 144 \/ Ap 21,1-5 \/ Gv 13,31-35<\/p>\n<h2>Glorificazioni<\/h2>\n<p style=\"text-align: justify;\">Ges\u00f9 ha appena detto ai suoi che uno di loro sta per consegnarlo.<\/p>\n<p style=\"text-align: justify;\"><em id=\"__mceDel\">\u00c8 turbato, il Maestro. Ora che l&#8217;ora sta per compiersi sente nel suo cuore tutta la fatica del gesto immenso che sta per fare. Gli apostoli si guardano l&#8217;un l&#8217;altro, pensano che il traditore sia di fronte a loro. In realt\u00e0 il traditore \u00e8 dentro ciascuno di loro. Dentro ciascuno di noi.<br \/>Giovanni l&#8217;evangelista, il padrone di casa, reclina il capo sul cuore di Ges\u00f9 e gli chiede: \u00abChi \u00e8, Signore?\u00bb<br \/>Ges\u00f9 intinge il pane e lo offre a Giuda che lo mangia e si irrigidisce.<br \/>Dare il pane \u00e8 il pi\u00f9 bel segno di accoglienza nel popolo di Israele. Giuda lo interpreta come un&#8217;offesa. Come succede quando un nostro gesto carico di affetto viene drammaticamente preso per il verso contrario. Ges\u00f9 sta svelando a Giuda che \u00e8 lui il discepolo pi\u00f9 amato. Vorrebbe stringerlo al proprio petto perch\u00e9 senta la misura dell&#8217;amore.<br \/>Giuda \u00e8 scosso, esce nella tenebra. La tenebra che ora lo invade.<br \/>Ma con s\u00e9, nel suo cuore, porta il pane, l&#8217;eucarestia.<br \/>Ges\u00f9 si \u00e8 appena consegnato alla tenebra. Ma la luce spezzer\u00e0 il buio pi\u00f9 fitto.<\/em><\/p>\n<p class=\"link\" style=\"text-align: left;\"><a href=\"http:\/\/youtu.be\/gkoDcLc73tk\">Link al video<\/a><\/p>\n<p style=\"text-align: justify;\"><b>La glorificazione<\/b><br \/>E Ges\u00f9 insiste, esagera: ora sono stato glorificato, dice.<br \/>Ora che Giuda sta andando a tradirlo, ora che il suo cuore \u00e8 tenebroso e ostile, Dio potr\u00e0 manifestare quanto lo ama. Nel tradimento di Giuda vediamo la misura dell&#8217;amore di Ges\u00f9.<br \/>Giuda si \u00e8 perso, ma il Signore non \u00e8 venuto proprio a salvare chi era perduto?<br \/>La perdizione non \u00e8, appunto, il luogo teologico della salvezza?<br \/>Non veniamo salvati proprio perch\u00e9, prima, ci siamo smarriti?<br \/>Con Giuda Ges\u00f9 potr\u00e0 dimostrare qual \u00e8 la misura dell&#8217;amore di Dio: l&#8217;assenza di misura.<br \/>Ogni uomo che prende coscienza di s\u00e9 si pone la domanda: sono perduto o salvato?<br \/>Ges\u00f9 risponde: sei perduto e sei salvato.<br \/>Gli apostoli non capiscono, come non hanno capito il gesto della lavanda dei piedi.<br \/>Pietro, poco dopo, dir\u00e0 che egli \u00e8 disposto a dare la vita per Ges\u00f9.<br \/>Pietro, ormai, si prende per Dio. Ges\u00f9 gli ricorder\u00e0 che \u00e8 lui a dare la vita per i suoi discepoli.<br \/>Un gallo urler\u00e0 ricordando a Pietro il suo limite. Non per Dio deve morire, ma con lui.<br \/>Tutto ci\u00f2 che pu\u00f2 fare il discepolo \u00e8 imitare il Maestro, non sostituirlo.<\/p>\n<p>Tutti dicono, intorno a noi, che la gloria consiste nel successo e nell&#8217;applauso. Ges\u00f9, nel momento pi\u00f9 fallimentare della sua vita afferma di essere al vertice della sua glorificazione.<br \/>La gloria \u00e8 poter dimostrare il proprio amore.<br \/>Poco importa se diventeremo premi Nobel o grandi personaggi, splendidi genitori o grandi santi. Importa quanto avremo amato, o desiderato amare. Ecco la vera gloria, quella che il mondo non conosce. E che nessuno ci pu\u00f2 togliere.<br \/>E se, invece di passare la vita ad elemosinare un applauso iniziassimo a voler amare?<\/p>\n<p><b>Amatevi<\/b><br \/>Tra Giuda e Pietro gli altri evangelisti pongono l&#8217;ultima Cena.<br \/>Giovanni salta il racconto della cena per sostituirlo con la lavanda: la liturgia \u00e8 falsa se non diventa servizio al fratello debole. Giovanni osa di pi\u00f9: tra i due tradimenti e le due salvezze (Giuda \u00e8 salvato dal male, Pietro dal finto bene) inserisce l&#8217;unico comandamento dell&#8217;amore.<br \/>Ges\u00f9 chiede di amarci (amare me, amare te) dell&#8217;amore con cui egli ci ha amato.<br \/>Del suo amore, col suo amore. Non con l&#8217;amore di simpatia, di scelta, di sforzo, di virt\u00f9.<br \/>Con l&#8217;amore che, provenendo da Cristo, pu\u00f2 riempire il nostro cuore per poi defluire verso il cuore degli altri.<br \/>Io, Paolo, non riesco ad amare le persone antipatiche, n\u00e9 quelle che mi fanno del male. Solo l&#8217;amore che viene da Dio, un amore teologico, mi permette di poter amare al di sopra dei sentimenti e delle emozioni.<br \/>La Chiesa non \u00e8 il club dei bravi ragazzi, delle facili consolazioni, di quelli che hanno Ges\u00f9 come hobby: la Chiesa \u00e8 la compagnia di coloro che sono stati incontrati ed amati da Cristo. Perci\u00f2 diventano capaci di amare come splendidamente ci ricorda il papa venuto dai confini del mondo. Ma dal cuore del cuore.<\/p>\n<p><b>Identit\u00e0<\/b><br \/>Dall&#8217;amore dobbiamo essere conosciuti.<br \/>Non dalle devozioni, non dalle preghiere, non dai segni esteriori, non dall&#8217;organizzazione caritative, ma dall&#8217;amore. L&#8217;amore \u00e8 ci\u00f2 che maggiormente deve stare a cuore nella Chiesa.<br \/>Che sia vero, che sia libero, che diventi evidente.<br \/>Un amore in equilibrio tra emozione e scelta, tra enfasi e volont\u00e0, che diventi concreto e fattivo, tollerante e paziente, autentico e accessibile, che sappia manifestarsi nel momento della prova e del tradimento.<br \/>Celebrando oggi l&#8217;eucarestia, memoria del Risorto, cerchiamo anzitutto di amare di pi\u00f9 e meglio, perch\u00e9 chi ci vede si accorga che in mezzo a noi dimora il Cristo.<br \/>Per glorificare anche noi il Padre.<\/p>\n<p class=\"link\" style=\"text-align: justify;\"><a href=\"http:\/\/www.paolocurtaz.it\">www.paolocurtaz.it<\/a><\/p>\n","protected":false},"excerpt":{"rendered":"<p>Il commento al Vangelo della domenica a cura del teologo e scrittore Paolo Curtaz.<\/p>\n","protected":false},"author":3,"featured_media":0,"comment_status":"closed","ping_status":"closed","sticky":false,"template":"","format":"standard","meta":{"_kad_post_transparent":"","_kad_post_title":"","_kad_post_layout":"","_kad_post_sidebar_id":"","_kad_post_content_style":"","_kad_post_vertical_padding":"","_kad_post_feature":"","_kad_post_feature_position":"","_kad_post_header":false,"_kad_post_footer":false,"_kad_post_classname":"","footnotes":""},"categories":[103,147],"tags":[223,172,83],"class_list":["post-234794","post","type-post","status-publish","format-standard","hentry","category-103","category-commento-al-vangelo","tag-paolo-curtaz","tag-vangelo-della-domenica","tag-youtube"],"_links":{"self":[{"href":"https:\/\/archivio.cercoiltuovolto.it\/index.php?rest_route=\/wp\/v2\/posts\/234794","targetHints":{"allow":["GET"]}}],"collection":[{"href":"https:\/\/archivio.cercoiltuovolto.it\/index.php?rest_route=\/wp\/v2\/posts"}],"about":[{"href":"https:\/\/archivio.cercoiltuovolto.it\/index.php?rest_route=\/wp\/v2\/types\/post"}],"author":[{"embeddable":true,"href":"https:\/\/archivio.cercoiltuovolto.it\/index.php?rest_route=\/wp\/v2\/users\/3"}],"replies":[{"embeddable":true,"href":"https:\/\/archivio.cercoiltuovolto.it\/index.php?rest_route=%2Fwp%2Fv2%2Fcomments&post=234794"}],"version-history":[{"count":0,"href":"https:\/\/archivio.cercoiltuovolto.it\/index.php?rest_route=\/wp\/v2\/posts\/234794\/revisions"}],"wp:attachment":[{"href":"https:\/\/archivio.cercoiltuovolto.it\/index.php?rest_route=%2Fwp%2Fv2%2Fmedia&parent=234794"}],"wp:term":[{"taxonomy":"category","embeddable":true,"href":"https:\/\/archivio.cercoiltuovolto.it\/index.php?rest_route=%2Fwp%2Fv2%2Fcategories&post=234794"},{"taxonomy":"post_tag","embeddable":true,"href":"https:\/\/archivio.cercoiltuovolto.it\/index.php?rest_route=%2Fwp%2Fv2%2Ftags&post=234794"}],"curies":[{"name":"wp","href":"https:\/\/api.w.org\/{rel}","templated":true}]}}