{"id":234793,"date":"2013-04-25T22:01:16","date_gmt":"2013-04-25T22:01:16","guid":{"rendered":"https:\/\/archivio.cercoiltuovolto.it\/?p=234793"},"modified":"2013-04-25T22:01:16","modified_gmt":"2013-04-25T22:01:16","slug":"il-concilio-vaticano-ii-e-il-nostro-tempo","status":"publish","type":"post","link":"https:\/\/archivio.cercoiltuovolto.it\/?p=234793","title":{"rendered":"Il concilio Vaticano II e il nostro tempo"},"content":{"rendered":"<p align=\"center\"><b>La chiesa nel mondo.\u00a0<\/b><br \/><b>La Costituzione\u00a0<i>Gaudium et spes<\/i><\/b>\u00a0<\/p>\n<p align=\"center\"><a href=\"http:\/\/www.cercoiltuovolto.it\/wp-content\/uploads\/2013\/04\/Il-concilio-Vaticano-II-e-il-nostro-tempo.jpg\"><img loading=\"lazy\" decoding=\"async\" class=\"alignnone size-large wp-image-28252\" alt=\"Il concilio Vaticano II e il nostro tempo\" src=\"http:\/\/www.cercoiltuovolto.it\/wp-content\/uploads\/2013\/04\/Il-concilio-Vaticano-II-e-il-nostro-tempo-450x450.jpg\" width=\"450\" height=\"450\" \/><\/a><\/p>\n<p style=\"text-align: justify;\">Il concilio ha segnato la fine di una posizione difensiva, che concepiva la chiesa come cittadella arroccata e il mondo come suo insidioso nemico:\u00a0<b>grazie al Vaticano II la chiesa \u00e8 ritornata a dialogare con il mondo e i cristiani<\/b>\u00a0a essere tali nella societ\u00e0,\u00a0<b>nella compagnia degli uomini<\/b>\u00a0senza evasioni n\u00e9 esenzioni.\u00a0<\/p>\n<p style=\"text-align: justify;\">La<b>\u00a0Costituzione pastorale\u00a0<i>Gaudium et spes<\/i><\/b>\u00a0delinea alcune note caratterizzanti la chiesa e il suo stare nel mondo: una chiesa solidale con gli uomini, che guarda agli uomini con\u00a0<b>lo sguardo pieno di sollecitudine del buon Pastore<\/b>; una chiesa che non ha paura di essere debole sul piano dei mezzi materiali, ma che conta sulla forza del Vangelo. Solo una chiesa che sapr\u00e0 usare misericordia sar\u00e0 capace di raccontare i tratti di Ges\u00f9 suo Signore e di essere cos\u00ec ascoltata dagli uomini. In questo esercizio quotidiano<b>\u00a0il Vaticano II<\/b>sta davanti a noi<b>\u00a0<\/b>come<b>\u00a0bussola capace di orientare il cammino della vita cristiana<\/b>.<\/p>\n<p style=\"text-align: justify;\">In questo doppio CD \u00e8 inciso il primo del ciclo di incontri sul tema \u201cIl Concilio e il nostro tempo\u201d tenuto da fr. Enzo Bianchi a Bose il 14 aprile 2013.<\/p>\n<h4 style=\"text-align: justify;\">Ascolta un passaggio della riflessione: <em>Gaudiumetspes<\/em><\/h4>\n<div class=\"powerpressbox\">[powerpress]<\/div>\n<style type=\"text\/css\"><!--\n.book {\n\t-moz-box-shadow:inset 0px 1px 0px 0px #97c4fe;\n\t-webkit-box-shadow:inset 0px 1px 0px 0px #97c4fe;\n\tbox-shadow:inset 0px 1px 0px 0px #97c4fe;\n\tbackground:-webkit-gradient( linear, left top, left bottom, color-stop(0.05, #3d94f6), color-stop(1, #1e62d0) );\n\tbackground:-moz-linear-gradient( center top, #3d94f6 5%, #1e62d0 100% );\n\tfilter:progid:DXImageTransform.Microsoft.gradient(startColorstr='#3d94f6', endColorstr='#1e62d0');\n\tbackground-color:#3d94f6;\n\t-moz-border-radius:6px;\n\t-webkit-border-radius:6px;\n\tborder-radius:6px;\n\tborder:1px solid #337fed;\n\tdisplay:inline-block;\n\tcolor:#ffffff;\n\tfont-family:Trebuchet MS;\n\tfont-size:15px;\n\tfont-weight:bold;\n\tpadding:6px 24px;\n\ttext-decoration:none;\n\ttext-shadow:1px 1px 0px #1570cd;\n}.book:hover {\n\tbackground:-webkit-gradient( linear, left top, left bottom, color-stop(0.05, #1e62d0), color-stop(1, #3d94f6) );\n\tbackground:-moz-linear-gradient( center top, #1e62d0 5%, #3d94f6 100% );\n\tfilter:progid:DXImageTransform.Microsoft.gradient(startColorstr='#1e62d0', endColorstr='#3d94f6');\n\tbackground-color:#1e62d0;\n}.book:active {\n\tposition:relative;\n\ttop:1px;\n}\n--><\/style>\n<p style=\"text-align: center;\"><a class=\"book\" href=\"http:\/\/www.monasterodibose.it\/component\/page,shop.product_details\/flypage,flypage.tpl\/product_id,1101\/category_id,35\/option,com_virtuemart\/Itemid,1752\/\">Acquista il doppio CD<\/a><\/p>\n","protected":false},"excerpt":{"rendered":"<p>La chiesa nel mondo.\u00a0La Costituzione\u00a0Gaudium et spes\u00a0 Il concilio ha segnato la fine di una posizione difensiva, che concepiva la chiesa come cittadella arroccata e il mondo come suo insidioso nemico:\u00a0grazie al Vaticano II la chiesa \u00e8 ritornata a dialogare con il mondo e i cristiani\u00a0a essere tali nella societ\u00e0,\u00a0nella compagnia degli uomini\u00a0senza evasioni n\u00e9&#8230;<\/p>\n","protected":false},"author":3,"featured_media":0,"comment_status":"closed","ping_status":"closed","sticky":false,"template":"","format":"standard","meta":{"_kad_post_transparent":"","_kad_post_title":"","_kad_post_layout":"","_kad_post_sidebar_id":"","_kad_post_content_style":"","_kad_post_vertical_padding":"","_kad_post_feature":"","_kad_post_feature_position":"","_kad_post_header":false,"_kad_post_footer":false,"_kad_post_classname":"","footnotes":""},"categories":[103,4],"tags":[260,310,9],"class_list":["post-234793","post","type-post","status-publish","format-standard","hentry","category-103","category-audio-cattolici","tag-cd","tag-concilio","tag-vaticano"],"_links":{"self":[{"href":"https:\/\/archivio.cercoiltuovolto.it\/index.php?rest_route=\/wp\/v2\/posts\/234793","targetHints":{"allow":["GET"]}}],"collection":[{"href":"https:\/\/archivio.cercoiltuovolto.it\/index.php?rest_route=\/wp\/v2\/posts"}],"about":[{"href":"https:\/\/archivio.cercoiltuovolto.it\/index.php?rest_route=\/wp\/v2\/types\/post"}],"author":[{"embeddable":true,"href":"https:\/\/archivio.cercoiltuovolto.it\/index.php?rest_route=\/wp\/v2\/users\/3"}],"replies":[{"embeddable":true,"href":"https:\/\/archivio.cercoiltuovolto.it\/index.php?rest_route=%2Fwp%2Fv2%2Fcomments&post=234793"}],"version-history":[{"count":0,"href":"https:\/\/archivio.cercoiltuovolto.it\/index.php?rest_route=\/wp\/v2\/posts\/234793\/revisions"}],"wp:attachment":[{"href":"https:\/\/archivio.cercoiltuovolto.it\/index.php?rest_route=%2Fwp%2Fv2%2Fmedia&parent=234793"}],"wp:term":[{"taxonomy":"category","embeddable":true,"href":"https:\/\/archivio.cercoiltuovolto.it\/index.php?rest_route=%2Fwp%2Fv2%2Fcategories&post=234793"},{"taxonomy":"post_tag","embeddable":true,"href":"https:\/\/archivio.cercoiltuovolto.it\/index.php?rest_route=%2Fwp%2Fv2%2Ftags&post=234793"}],"curies":[{"name":"wp","href":"https:\/\/api.w.org\/{rel}","templated":true}]}}