{"id":234783,"date":"2013-04-20T14:10:28","date_gmt":"2013-04-20T14:10:28","guid":{"rendered":"https:\/\/archivio.cercoiltuovolto.it\/?p=234783"},"modified":"2013-04-20T14:10:28","modified_gmt":"2013-04-20T14:10:28","slug":"papa-francesco-udienza-generale-del-17-aprile-2013-in-mp3","status":"publish","type":"post","link":"https:\/\/archivio.cercoiltuovolto.it\/?p=234783","title":{"rendered":"Papa Francesco &#8211; Udienza Generale del 17 aprile 2013 in mp3"},"content":{"rendered":"<blockquote>\n<p style=\"text-align: justify;\">\u00c8 salito al cielo, siede alla destra del Padre<\/p>\n<p style=\"text-align: justify;\">Cari fratelli e sorelle, buongiorno!<\/p>\n<p style=\"text-align: justify;\">Nel Credo, troviamo l\u2019affermazione che Ges\u00f9 \u00ab\u00e8 salito al cielo, siede alla destra del Padre\u00bb. La vita terrena di Ges\u00f9 culmina con l\u2019evento dell\u2019Ascensione, quando cio\u00e8 Egli passa da questo mondo al Padre ed \u00e8 innalzato alla sua destra. Qual \u00e8 il significato di questo avvenimento? Quali ne sono le conseguenze per la nostra vita? Che cosa significa contemplare Ges\u00f9 seduto alla destra del Padre? Su questo, lasciamoci guidare dall\u2019evangelista Luca.<\/p>\n<p style=\"text-align: justify;\">Partiamo dal momento in cui Ges\u00f9 decide di intraprendere il suo ultimo pellegrinaggio a Gerusalemme. San Luca annota: \u00abMentre stavano compiendosi i giorni in cui sarebbe stato elevato in alto, egli prese la ferma decisione di mettersi in cammino verso Gerusalemme\u00bb (Lc 9,51). Mentre \u201cascende\u201d alla Citt\u00e0 santa, dove si compir\u00e0 il suo \u201cesodo\u201d da questa vita, Ges\u00f9 vede gi\u00e0 la meta, il Cielo, ma sa bene che la via che lo riporta alla gloria del Padre passa attraverso la Croce, attraverso l\u2019obbedienza al disegno divino di amore per l\u2019umanit\u00e0. Il Catechismo della Chiesa Cattolica afferma che \u00abl\u2019elevazione sulla croce significa e annuncia l\u2019elevazione dell\u2019ascensione al cielo\u00bb (n. 661). Anche noi dobbiamo avere chiaro, nella nostra vita cristiana, che l\u2019entrare nella gloria di Dio esige la fedelt\u00e0 quotidiana alla sua volont\u00e0, anche quando richiede sacrificio, richiede alle volte di cambiare i nostri programmi. L\u2019Ascensione di Ges\u00f9 avvenne concretamente sul Monte degli Ulivi, vicino al luogo dove si era ritirato in preghiera prima della passione per rimanere in profonda unione con il Padre: ancora una volta vediamo che la preghiera ci dona la grazia di vivere fedeli al progetto di Dio.<\/p>\n<ul>\n<li><a href=\"http:\/\/www.vatican.va\/holy_father\/francesco\/audiences\/2013\/documents\/papa-francesco_20130417_udienza-generale_it.html\">Leggi tutto il messaggio<\/a> <em>\u00a9 Copyright 2013 &#8211; Libreria Editrice Vaticana<\/em><\/li>\n<li><a href=\"http:\/\/player.rv.va\/vaticanplayer.asp?language=it&#038;tic=VA_Z5DW4SS9\" target=\"_blank\"><em>Link al Video<\/em><\/a><\/li>\n<\/ul>\n<\/blockquote>\n<p><img loading=\"lazy\" decoding=\"async\" class=\"alignnone size-full wp-image-25340\" style=\"margin-bottom: -35px;\" title=\"ascolta-il-podcast\" alt=\"\" src=\"http:\/\/www.cercoiltuovolto.it\/wp-content\/uploads\/2012\/09\/ascolta-il-podcast.png\" width=\"277\" height=\"77\" \/><\/p>\n<div class=\"powerpressbox\">[powerpress]<\/div>\n<p style=\"text-align: justify;\"><strong>Fonte<\/strong>: Radio Vaticana via FeedRss<\/p>\n<p style=\"text-align: justify;\"><span style=\"font-size: xx-small;\"><em>(The content of this podcast is copyrighted by Vatican Radio which, according to its statute, is entrusted to manage and protect the sound recordings of the Roman Pontiff, ensuring that their pastoral character and intellectual property&#8217;s rights are protected when used by third parties. The content of this podcast is made available only for personal and private use and cannot be exploited for commercial purposes, without prior written authorization by Vatican Radio. For further information, please contact the International Relation Office at relint@vatiradio.va)<\/em><\/span><\/p>\n","protected":false},"excerpt":{"rendered":"<p>\u00c8 salito al cielo, siede alla destra del Padre Cari fratelli e sorelle, buongiorno! Nel Credo, troviamo l\u2019affermazione che Ges\u00f9 \u00ab\u00e8 salito al cielo, siede alla destra del Padre\u00bb. La vita terrena di Ges\u00f9 culmina con l\u2019evento dell\u2019Ascensione, quando cio\u00e8 Egli passa da questo mondo al Padre ed \u00e8 innalzato alla sua destra. Qual \u00e8&#8230;<\/p>\n","protected":false},"author":3,"featured_media":0,"comment_status":"closed","ping_status":"closed","sticky":false,"template":"","format":"standard","meta":{"_kad_post_transparent":"","_kad_post_title":"","_kad_post_layout":"","_kad_post_sidebar_id":"","_kad_post_content_style":"","_kad_post_vertical_padding":"","_kad_post_feature":"","_kad_post_feature_position":"","_kad_post_header":false,"_kad_post_footer":false,"_kad_post_classname":"","footnotes":""},"categories":[103,685],"tags":[65,9],"class_list":["post-234783","post","type-post","status-publish","format-standard","hentry","category-103","category-francesco","tag-udienza-generale","tag-vaticano"],"_links":{"self":[{"href":"https:\/\/archivio.cercoiltuovolto.it\/index.php?rest_route=\/wp\/v2\/posts\/234783","targetHints":{"allow":["GET"]}}],"collection":[{"href":"https:\/\/archivio.cercoiltuovolto.it\/index.php?rest_route=\/wp\/v2\/posts"}],"about":[{"href":"https:\/\/archivio.cercoiltuovolto.it\/index.php?rest_route=\/wp\/v2\/types\/post"}],"author":[{"embeddable":true,"href":"https:\/\/archivio.cercoiltuovolto.it\/index.php?rest_route=\/wp\/v2\/users\/3"}],"replies":[{"embeddable":true,"href":"https:\/\/archivio.cercoiltuovolto.it\/index.php?rest_route=%2Fwp%2Fv2%2Fcomments&post=234783"}],"version-history":[{"count":0,"href":"https:\/\/archivio.cercoiltuovolto.it\/index.php?rest_route=\/wp\/v2\/posts\/234783\/revisions"}],"wp:attachment":[{"href":"https:\/\/archivio.cercoiltuovolto.it\/index.php?rest_route=%2Fwp%2Fv2%2Fmedia&parent=234783"}],"wp:term":[{"taxonomy":"category","embeddable":true,"href":"https:\/\/archivio.cercoiltuovolto.it\/index.php?rest_route=%2Fwp%2Fv2%2Fcategories&post=234783"},{"taxonomy":"post_tag","embeddable":true,"href":"https:\/\/archivio.cercoiltuovolto.it\/index.php?rest_route=%2Fwp%2Fv2%2Ftags&post=234783"}],"curies":[{"name":"wp","href":"https:\/\/api.w.org\/{rel}","templated":true}]}}