{"id":234765,"date":"2013-04-09T06:53:36","date_gmt":"2013-04-09T06:53:36","guid":{"rendered":"https:\/\/archivio.cercoiltuovolto.it\/?p=234765"},"modified":"2013-04-09T06:53:36","modified_gmt":"2013-04-09T06:53:36","slug":"i-passi-del-silenzio-monastero-di-santa-caterina-urbino","status":"publish","type":"post","link":"https:\/\/archivio.cercoiltuovolto.it\/?p=234765","title":{"rendered":"I passi del silenzio &#8211; Monastero di Santa Caterina (Urbino)"},"content":{"rendered":"<figure id=\"attachment_28158\" aria-describedby=\"caption-attachment-28158\" style=\"width: 565px\" class=\"wp-caption aligncenter\"><a href=\"http:\/\/www.cercoiltuovolto.it\/wp-content\/uploads\/2013\/04\/monastero-di-santa-caterina-urbino.jpg\"><img loading=\"lazy\" decoding=\"async\" class=\"size-full wp-image-28158\" src=\"http:\/\/www.cercoiltuovolto.it\/wp-content\/uploads\/2013\/04\/monastero-di-santa-caterina-urbino.jpg\" alt=\"Fonte dell'immagine: http:\/\/www.monasteri.org\/dettaglio.php?chiave=346\" width=\"565\" height=\"241\" \/><\/a><figcaption id=\"caption-attachment-28158\" class=\"wp-caption-text\">Fonte dell&#8217;immagine: <a href=\"http:\/\/www.monasteri.org\/dettaglio.php?chiave=346\" target=\"_blank\" rel=\"noopener\">http:\/\/www.monasteri.org\/dettaglio.php?chiave=346<\/a><\/figcaption><\/figure>\n<p>La\u00a0<strong>quarta edizione\u00a0<\/strong>de &#8220;<a href=\"http:\/\/www2.tv2000.it\/home_page\/programmi\/00000703_I_passi_del_Silenzio.html\" target=\"_blank\" rel=\"noopener\">I passi del Silenzio<\/a>&#8221; si \u00e8 mossa in un ideale percorso tra cinque monasteri del nord Italia appartenenti a cinque diversi carismi religiosi.<\/p>\n<p style=\"text-align: justify;\">In questa puntata de &#8220;I passi del silenzio&#8221;, andiamo al Monastero di Santa Caterina, nel cuore pi\u00f9 antico della citt\u00e0 di Urbino, a due passi dalla celebre Universit\u00e0. La storia del Monastero viaggia parallela a quella dell&#8217;antico borgo sin dai tempi dei Duchi di Montefeltro. Ancora oggi il Monastero di Santa Caterina \u00e8 saldamente ancorato al tessuto urbano. Con il progetto &#8220;Un monastero nella citt\u00e0&#8221;, infatti, le monache agostiniane si rivolgono alle nuove generazioni per invitarle a intraprendere un cammino di formazione umana e spirituale.<\/p>\n<p style=\"text-align: center;\"><a class=\"book\" href=\"http:\/\/www.bbplanet.it\/st.asp?localita=URBINO&amp;ida=10351&amp;ln=IT\">Elenco di tutti i tipi di strutture presenti nella localit\u00e0 URBINO<\/a><\/p>\n<p><div class=\"entry-content-asset videofit\"><iframe loading=\"lazy\" title=\"I passi del silenzio : Monastero di Santa Caterina - Urbino\" width=\"720\" height=\"540\" src=\"https:\/\/www.youtube.com\/embed\/DOE35b9VBkI?feature=oembed\" frameborder=\"0\" allow=\"accelerometer; autoplay; clipboard-write; encrypted-media; gyroscope; picture-in-picture; web-share\" referrerpolicy=\"strict-origin-when-cross-origin\" allowfullscreen><\/iframe><\/div>\n<\/p>\n<p>&nbsp;<\/p>\n","protected":false},"excerpt":{"rendered":"<p>La\u00a0quarta edizione\u00a0de &#8220;I passi del Silenzio&#8221; si \u00e8 mossa in un ideale percorso tra cinque monasteri del nord Italia appartenenti a cinque diversi carismi religiosi. In questa puntata de &#8220;I passi del silenzio&#8221;, andiamo al Monastero di Santa Caterina, nel cuore pi\u00f9 antico della citt\u00e0 di Urbino, a due passi dalla celebre Universit\u00e0. La storia&#8230;<\/p>\n","protected":false},"author":3,"featured_media":0,"comment_status":"closed","ping_status":"closed","sticky":false,"template":"","format":"standard","meta":{"_kad_post_transparent":"","_kad_post_title":"","_kad_post_layout":"","_kad_post_sidebar_id":"","_kad_post_content_style":"","_kad_post_vertical_padding":"","_kad_post_feature":"","_kad_post_feature_position":"","_kad_post_header":false,"_kad_post_footer":false,"_kad_post_classname":"","footnotes":""},"categories":[103,155],"tags":[54,24,113],"class_list":["post-234765","post","type-post","status-publish","format-standard","hentry","category-103","category-documentario","tag-interviste","tag-televisione","tag-video"],"_links":{"self":[{"href":"https:\/\/archivio.cercoiltuovolto.it\/index.php?rest_route=\/wp\/v2\/posts\/234765","targetHints":{"allow":["GET"]}}],"collection":[{"href":"https:\/\/archivio.cercoiltuovolto.it\/index.php?rest_route=\/wp\/v2\/posts"}],"about":[{"href":"https:\/\/archivio.cercoiltuovolto.it\/index.php?rest_route=\/wp\/v2\/types\/post"}],"author":[{"embeddable":true,"href":"https:\/\/archivio.cercoiltuovolto.it\/index.php?rest_route=\/wp\/v2\/users\/3"}],"replies":[{"embeddable":true,"href":"https:\/\/archivio.cercoiltuovolto.it\/index.php?rest_route=%2Fwp%2Fv2%2Fcomments&post=234765"}],"version-history":[{"count":0,"href":"https:\/\/archivio.cercoiltuovolto.it\/index.php?rest_route=\/wp\/v2\/posts\/234765\/revisions"}],"wp:attachment":[{"href":"https:\/\/archivio.cercoiltuovolto.it\/index.php?rest_route=%2Fwp%2Fv2%2Fmedia&parent=234765"}],"wp:term":[{"taxonomy":"category","embeddable":true,"href":"https:\/\/archivio.cercoiltuovolto.it\/index.php?rest_route=%2Fwp%2Fv2%2Fcategories&post=234765"},{"taxonomy":"post_tag","embeddable":true,"href":"https:\/\/archivio.cercoiltuovolto.it\/index.php?rest_route=%2Fwp%2Fv2%2Ftags&post=234765"}],"curies":[{"name":"wp","href":"https:\/\/api.w.org\/{rel}","templated":true}]}}